{"id":115062,"date":"2025-04-11T03:40:13","date_gmt":"2025-04-11T06:40:13","guid":{"rendered":"https:\/\/laurbedigital.com.ar\/noticias\/?p=115062"},"modified":"2025-04-11T03:40:13","modified_gmt":"2025-04-11T06:40:13","slug":"liberan-a-uno-de-los-asesinos-de-axel-blumberg-a-20-anos-del-crimen-reabriendo-una-dolorosa-herida","status":"publish","type":"post","link":"https:\/\/laurbedigital.com.ar\/noticias\/2025\/04\/11\/liberan-a-uno-de-los-asesinos-de-axel-blumberg-a-20-anos-del-crimen-reabriendo-una-dolorosa-herida\/","title":{"rendered":"Liberan a uno de los asesinos de Axel Blumberg a 20 a\u00f1os del crimen, reabriendo una dolorosa herida"},"content":{"rendered":"<p data-sourcepos=\"5:1-5:589\">A dos d\u00e9cadas del brutal secuestro y asesinato de Axel Blumberg, una decisi\u00f3n judicial ha vuelto a poner el caso en el centro de la escena, sacudiendo a la familia y a la sociedad argentina. Carlos D\u00edaz, uno de los integrantes de la banda responsable del crimen que conmocion\u00f3 al pa\u00eds en 2004, ha sido liberado por orden del juez Walter Venditti, del Tribunal Oral en lo Federal N\u00b02 de San Mart\u00edn. D\u00edaz, quien hab\u00eda sido condenado a 21 a\u00f1os de prisi\u00f3n, recuper\u00f3 su libertad tras permanecer detenido en la Unidad 19 del Servicio Penitenciario Federal, conocida como Colonia Penal de Ezeiza.<\/p>\n<p data-sourcepos=\"7:1-7:367\">Carlos D\u00edaz formaba parte del grupo criminal que secuestr\u00f3 a Axel Blumberg, un joven estudiante de ingenier\u00eda, el 17 de marzo de 2004 en la localidad de Mart\u00ednez, cuando se dirig\u00eda a la casa de su novia. La banda estaba integrada por Jos\u00e9 D\u00edaz (hermano de Carlos), Mart\u00edn \u201cEl Oso\u201d Peralta, Sergio Mi\u00f1o, Mauro Maidana, Andrea Mercado, Vanesa Maldonado y Anal\u00eda Flores.<\/p>\n<p data-sourcepos=\"9:1-9:360\">Axel Blumberg permaneci\u00f3 secuestrado durante seis d\u00edas, sufriendo condiciones inhumanas. Seg\u00fan se conoci\u00f3 durante la investigaci\u00f3n, intent\u00f3 escapar en varias oportunidades y lleg\u00f3 a reconocer los rostros de sus captores, motivo por el cual finalmente fue asesinado de un disparo en la sien. Su cuerpo fue hallado en un terreno bald\u00edo en la localidad de Moreno.<\/p>\n<p data-sourcepos=\"11:1-11:346\">En aquel entonces, su padre, Juan Carlos Blumberg, se convirti\u00f3 en la cara visible de la desesperada b\u00fasqueda y lleg\u00f3 a intentar negociar el rescate con los delincuentes. Inicialmente, los secuestradores exigieron 50 mil pesos, pero la suma se redujo a 14.500. Sin embargo, el dinero nunca lleg\u00f3 a ser entregado debido a la intervenci\u00f3n policial.<\/p>\n<p data-sourcepos=\"13:1-13:733\">Carlos D\u00edaz era menor de edad al momento del crimen, lo que influy\u00f3 en la pena que finalmente recibi\u00f3. Fue condenado el 26 de octubre de 2006 por este caso y por otros cinco secuestros extorsivos. Su reciente liberaci\u00f3n ha reabierto viejas heridas y ha generado una profunda indignaci\u00f3n en una sociedad que a\u00fan recuerda la enorme movilizaci\u00f3n social que desat\u00f3 el caso Blumberg. El asesinato de Axel impuls\u00f3 una de las mayores protestas contra la inseguridad en la historia del pa\u00eds y convirti\u00f3 a su padre en un referente de la lucha contra la delincuencia. Juan Carlos Blumberg encabez\u00f3 marchas multitudinarias, se convirti\u00f3 en una figura medi\u00e1tica constante e incluso incursion\u00f3 en la pol\u00edtica, postul\u00e1ndose como diputado nacional.<\/p>\n<p data-sourcepos=\"15:1-15:551\">A pesar del paso del tiempo, el caso Blumberg sigue vivo en la memoria colectiva argentina. De los doce individuos que fueron implicados en el secuestro y asesinato de Axel, solo cuatro permanecen actualmente en prisi\u00f3n, entre ellos Mart\u00edn Peralta y Sergio Dami\u00e1n Mi\u00f1o. La liberaci\u00f3n de Carlos D\u00edaz reaviva el dolor de una sociedad que a\u00fan no olvida la brutalidad del crimen y la impunidad que, para muchos, a\u00fan persiste. La noticia de su excarcelaci\u00f3n seguramente generar\u00e1 nuevas reacciones y debates en torno a la justicia y la seguridad en el pa\u00eds.<\/p>\n","protected":false},"excerpt":{"rendered":"<p>A dos d\u00e9cadas del brutal secuestro y asesinato de Axel Blumberg, una decisi\u00f3n judicial ha vuelto a poner el caso<\/p>\n","protected":false},"author":1,"featured_media":115063,"comment_status":"closed","ping_status":"closed","sticky":false,"template":"","format":"standard","meta":{"kia_subtitle":"La excarcelaci\u00f3n de Carlos D\u00edaz, condenado por el secuestro y asesinato del joven estudiante, ha generado una profunda conmoci\u00f3n en la familia Blumberg y reaviva el recuerdo de uno de los casos m\u00e1s resonantes de la historia criminal argentina.","footnotes":"","jetpack_publicize_message":"","jetpack_publicize_feature_enabled":true,"jetpack_social_post_already_shared":true,"jetpack_social_options":{"image_generator_settings":{"template":"highway","default_image_id":0,"font":"","enabled":false},"version":2}},"categories":[8],"tags":[],"class_list":["post-115062","post","type-post","status-publish","format-standard","has-post-thumbnail","hentry","category-policiales"],"jetpack_publicize_connections":[],"jetpack_featured_media_url":"https:\/\/laurbedigital.com.ar\/noticias\/wp-content\/uploads\/2025\/04\/20250410-Axel-Blumberg.jpg","_links":{"self":[{"href":"https:\/\/laurbedigital.com.ar\/noticias\/wp-json\/wp\/v2\/posts\/115062","targetHints":{"allow":["GET"]}}],"collection":[{"href":"https:\/\/laurbedigital.com.ar\/noticias\/wp-json\/wp\/v2\/posts"}],"about":[{"href":"https:\/\/laurbedigital.com.ar\/noticias\/wp-json\/wp\/v2\/types\/post"}],"author":[{"embeddable":true,"href":"https:\/\/laurbedigital.com.ar\/noticias\/wp-json\/wp\/v2\/users\/1"}],"replies":[{"embeddable":true,"href":"https:\/\/laurbedigital.com.ar\/noticias\/wp-json\/wp\/v2\/comments?post=115062"}],"version-history":[{"count":1,"href":"https:\/\/laurbedigital.com.ar\/noticias\/wp-json\/wp\/v2\/posts\/115062\/revisions"}],"predecessor-version":[{"id":115064,"href":"https:\/\/laurbedigital.com.ar\/noticias\/wp-json\/wp\/v2\/posts\/115062\/revisions\/115064"}],"wp:featuredmedia":[{"embeddable":true,"href":"https:\/\/laurbedigital.com.ar\/noticias\/wp-json\/wp\/v2\/media\/115063"}],"wp:attachment":[{"href":"https:\/\/laurbedigital.com.ar\/noticias\/wp-json\/wp\/v2\/media?parent=115062"}],"wp:term":[{"taxonomy":"category","embeddable":true,"href":"https:\/\/laurbedigital.com.ar\/noticias\/wp-json\/wp\/v2\/categories?post=115062"},{"taxonomy":"post_tag","embeddable":true,"href":"https:\/\/laurbedigital.com.ar\/noticias\/wp-json\/wp\/v2\/tags?post=115062"}],"curies":[{"name":"wp","href":"https:\/\/api.w.org\/{rel}","templated":true}]}}