{"id":115050,"date":"2025-04-11T03:06:29","date_gmt":"2025-04-11T06:06:29","guid":{"rendered":"https:\/\/laurbedigital.com.ar\/noticias\/?p=115050"},"modified":"2025-04-11T03:06:29","modified_gmt":"2025-04-11T06:06:29","slug":"cgt-endurece-su-postura-y-anuncia-nuevas-protestas-contra-el-gobierno-tras-un-paro-exitoso","status":"publish","type":"post","link":"https:\/\/laurbedigital.com.ar\/noticias\/2025\/04\/11\/cgt-endurece-su-postura-y-anuncia-nuevas-protestas-contra-el-gobierno-tras-un-paro-exitoso\/","title":{"rendered":"CGT endurece su postura y anuncia nuevas protestas contra el Gobierno tras un paro \u00abexitoso\u00bb"},"content":{"rendered":"<div id=\"chat-history\" class=\"chat-history-scroll-container\">\n<div id=\"089ceccd854330da\" class=\"conversation-container message-actions-hover-boundary tts-removed ng-star-inserted\">\n<div>\n<div class=\"response-container ng-tns-c4202985334-77 response-container-with-gpi tts-removed ng-star-inserted response-container-has-multiple-responses\">\n<div class=\"presented-response-container ng-tns-c4202985334-77\">\n<div class=\"response-container-content ng-tns-c4202985334-77\">\n<div class=\"response-content ng-tns-c4202985334-77\">\n<div id=\"model-response-message-contentr_089ceccd854330da\" class=\"markdown markdown-main-panel\" dir=\"ltr\">\n<p data-sourcepos=\"5:1-5:451\">La Confederaci\u00f3n General del Trabajo (CGT) no da tregua al Gobierno de Javier Milei. Tras calificar como un \u00ab\u00e9xito rotundo\u00bb el reciente paro general, la c\u00fapula de la central obrera se reuni\u00f3 para definir los pr\u00f3ximos pasos de su plan de lucha, marcando un endurecimiento de su postura frente a las pol\u00edticas econ\u00f3micas y sociales del oficialismo. La consigna que reson\u00f3 con fuerza en el encuentro fue clara: \u00abA este Gobierno no hay que darle respiro\u00bb.<\/p>\n<p data-sourcepos=\"7:1-7:532\">En la reuni\u00f3n realizada en la sede de Azopardo, los principales referentes de la CGT coincidieron en la necesidad de profundizar las acciones gremiales. Juan Carlos Schmid, l\u00edder de la CATT, fue quien propuso intensificar la ofensiva sindical una vez pasada la conmemoraci\u00f3n del D\u00eda del Trabajador, el pr\u00f3ximo 1\u00b0 de mayo, con una gran marcha como primer gran evento en el horizonte. La iniciativa encontr\u00f3 un amplio respaldo interno, lo que anticipa un escenario de conflictividad creciente entre el movimiento obrero y el Gobierno.<\/p>\n<p data-sourcepos=\"9:1-9:460\">El tono de los dirigentes fue marcadamente combativo. H\u00e9ctor Daer, otro de los referentes de la central, advirti\u00f3 sobre los riesgos del acuerdo con el Fondo Monetario Internacional (FMI), se\u00f1alando que un eventual cambio en el esquema cambiario podr\u00eda agravar la situaci\u00f3n de pobreza en el pa\u00eds. La CGT se muestra convencida de que el paro general del jueves pasado marc\u00f3 un punto de inflexi\u00f3n y una demostraci\u00f3n de la fortaleza y unidad del movimiento obrero.<\/p>\n<p data-sourcepos=\"11:1-11:492\">Seg\u00fan trascendi\u00f3 de la reuni\u00f3n, diversos gremios destacaron el alto nivel de adhesi\u00f3n a la huelga, incluso en sectores donde se esperaba una menor participaci\u00f3n. Rodolfo Daer se\u00f1al\u00f3 que, a pesar de los esfuerzos de algunas empresas por garantizar la asistencia de sus trabajadores a trav\u00e9s de micros, muchos de estos veh\u00edculos circulaban vac\u00edos. Esta situaci\u00f3n se habr\u00eda replicado en el \u00e1mbito educativo y en ramas del transporte como los aeronavegantes, donde el acatamiento fue contundente.<\/p>\n<p data-sourcepos=\"13:1-13:492\">Este escenario de firmeza sindical ha provocado un reacomodamiento interno en la CGT. El ala m\u00e1s dialoguista, representada por dirigentes como Gerardo Mart\u00ednez (UOCRA), Sergio Sasia (Uni\u00f3n Ferroviaria) y Armando Cavalieri (Comercio), ha quedado relativamente aislada dentro del Consejo Directivo. Si bien se espera su participaci\u00f3n en la pr\u00f3xima reuni\u00f3n del martes, su margen para frenar la estrategia de confrontaci\u00f3n parece reducido ante la creciente presi\u00f3n de los sectores m\u00e1s combativos.<\/p>\n<p data-sourcepos=\"15:1-15:296\">La CGT tambi\u00e9n manifest\u00f3 su preocupaci\u00f3n por posibles represalias por parte del Gobierno. Los dirigentes temen que se impulsen proyectos de ley para limitar la autonom\u00eda sindical y que se intensifiquen las intervenciones en las obras sociales, percibidas como una herramienta de presi\u00f3n pol\u00edtica.<\/p>\n<p data-sourcepos=\"17:1-17:316\">Frente a este panorama, la central obrera ha redefinido su eje de lucha. Ya no se trata solo de defender los derechos laborales, sino tambi\u00e9n de visibilizar el impacto social del ajuste implementado por el Gobierno y las consecuencias que podr\u00eda traer el acuerdo con el FMI en t\u00e9rminos de poder adquisitivo y empleo.<\/p>\n<p data-sourcepos=\"19:1-19:386\">En este contexto de tensi\u00f3n, emerge la figura de Jorge Sola, del Sindicato del Seguro, como un posible integrante del triunvirato de conducci\u00f3n en la renovaci\u00f3n de autoridades prevista para noviembre. Su perfil moderado y negociador podr\u00eda representar un intento de equilibrar la firmeza en la defensa de los trabajadores con la apertura al di\u00e1logo institucional en el futuro de la CGT.<\/p>\n<p data-sourcepos=\"21:1-21:318\">Por el momento, la estrategia de la CGT es clara: movilizaci\u00f3n en las calles, unidad gremial y un plan de lucha en ascenso. La central obrera ha tomado una postura de resistencia activa frente a un modelo econ\u00f3mico que considera perjudicial para los derechos de los trabajadores y el bienestar general de la poblaci\u00f3n.<\/p>\n<\/div>\n<\/div>\n<\/div>\n<\/div>\n<\/div>\n<\/div>\n<\/div>\n<\/div>\n","protected":false},"excerpt":{"rendered":"<p>La Confederaci\u00f3n General del Trabajo (CGT) no da tregua al Gobierno de Javier Milei. Tras calificar como un \u00ab\u00e9xito rotundo\u00bb<\/p>\n","protected":false},"author":1,"featured_media":102249,"comment_status":"closed","ping_status":"closed","sticky":false,"template":"","format":"standard","meta":{"kia_subtitle":"La central obrera, envalentonada por el alto acatamiento a la huelga general, planea una gran movilizaci\u00f3n para el D\u00eda del Trabajador y no descarta m\u00e1s medidas de fuerza para presionar al Ejecutivo.","footnotes":"","jetpack_publicize_message":"","jetpack_publicize_feature_enabled":true,"jetpack_social_post_already_shared":true,"jetpack_social_options":{"image_generator_settings":{"template":"highway","default_image_id":0,"font":"","enabled":false},"version":2}},"categories":[3,39,41],"tags":[],"class_list":["post-115050","post","type-post","status-publish","format-standard","has-post-thumbnail","hentry","category-actualidad","category-gremios","category-nacionales"],"jetpack_publicize_connections":[],"jetpack_featured_media_url":"https:\/\/laurbedigital.com.ar\/noticias\/wp-content\/uploads\/2024\/02\/20240219-CGT.jpg","_links":{"self":[{"href":"https:\/\/laurbedigital.com.ar\/noticias\/wp-json\/wp\/v2\/posts\/115050","targetHints":{"allow":["GET"]}}],"collection":[{"href":"https:\/\/laurbedigital.com.ar\/noticias\/wp-json\/wp\/v2\/posts"}],"about":[{"href":"https:\/\/laurbedigital.com.ar\/noticias\/wp-json\/wp\/v2\/types\/post"}],"author":[{"embeddable":true,"href":"https:\/\/laurbedigital.com.ar\/noticias\/wp-json\/wp\/v2\/users\/1"}],"replies":[{"embeddable":true,"href":"https:\/\/laurbedigital.com.ar\/noticias\/wp-json\/wp\/v2\/comments?post=115050"}],"version-history":[{"count":1,"href":"https:\/\/laurbedigital.com.ar\/noticias\/wp-json\/wp\/v2\/posts\/115050\/revisions"}],"predecessor-version":[{"id":115051,"href":"https:\/\/laurbedigital.com.ar\/noticias\/wp-json\/wp\/v2\/posts\/115050\/revisions\/115051"}],"wp:featuredmedia":[{"embeddable":true,"href":"https:\/\/laurbedigital.com.ar\/noticias\/wp-json\/wp\/v2\/media\/102249"}],"wp:attachment":[{"href":"https:\/\/laurbedigital.com.ar\/noticias\/wp-json\/wp\/v2\/media?parent=115050"}],"wp:term":[{"taxonomy":"category","embeddable":true,"href":"https:\/\/laurbedigital.com.ar\/noticias\/wp-json\/wp\/v2\/categories?post=115050"},{"taxonomy":"post_tag","embeddable":true,"href":"https:\/\/laurbedigital.com.ar\/noticias\/wp-json\/wp\/v2\/tags?post=115050"}],"curies":[{"name":"wp","href":"https:\/\/api.w.org\/{rel}","templated":true}]}}