{"id":115023,"date":"2025-04-10T03:10:20","date_gmt":"2025-04-10T06:10:20","guid":{"rendered":"https:\/\/laurbedigital.com.ar\/noticias\/?p=115023"},"modified":"2025-04-10T03:10:20","modified_gmt":"2025-04-10T06:10:20","slug":"intelectuales-argentinos-alertan-sobre-normalizacion-del-brutalismo-y-destruccion-del-estado","status":"publish","type":"post","link":"https:\/\/laurbedigital.com.ar\/noticias\/2025\/04\/10\/intelectuales-argentinos-alertan-sobre-normalizacion-del-brutalismo-y-destruccion-del-estado\/","title":{"rendered":"Intelectuales argentinos alertan sobre \u00abnormalizaci\u00f3n del brutalismo\u00bb y \u00abdestrucci\u00f3n del Estado\u00bb"},"content":{"rendered":"<div id=\"chat-history\" class=\"chat-history-scroll-container\">\n<div id=\"e428de2b4ecdfeb9\" class=\"conversation-container message-actions-hover-boundary tts-removed ng-star-inserted\">\n<div>\n<div class=\"response-container ng-tns-c1953781776-37 response-container-with-gpi tts-removed ng-star-inserted response-container-has-multiple-responses\">\n<div class=\"presented-response-container ng-tns-c1953781776-37\">\n<div class=\"response-container-content ng-tns-c1953781776-37\">\n<div class=\"response-content ng-tns-c1953781776-37\">\n<div id=\"model-response-message-contentr_e428de2b4ecdfeb9\" class=\"markdown markdown-main-panel\" dir=\"ltr\">\n<p data-sourcepos=\"5:1-5:325\">Intelectuales de diversas disciplinas alzaron su voz en un documento titulado \u00abLlamado a las fuerzas de la tierra\u00bb, donde advierten sobre la \u00abradicalidad destructiva y perversa\u00bb del actual gobierno y convocan a construir una \u00abagenda pol\u00edtica integral y federal\u00bb en defensa de los derechos, la justicia social y la democracia.<\/p>\n<p data-sourcepos=\"7:1-7:324\">El manifiesto, que contin\u00faa sumando adhesiones, cuenta con las firmas destacadas de personalidades como las escritoras Claudia Pi\u00f1eiro y Griselda Gambaro, las actrices Cristina Banegas y Albertina Carri, los escritores Mart\u00edn Caparr\u00f3s y Juan Carlos Kreimer, y los intelectuales Eduardo Gruner y Mauricio Kart\u00fan, entre otros.<\/p>\n<p data-sourcepos=\"9:1-9:417\">El texto comienza con un diagn\u00f3stico sombr\u00edo del presente, describiendo \u00abtiempos de descomposici\u00f3n pol\u00edtica, social, \u00e9tica y cultural, sacudidos por una crisis clim\u00e1tica acelerada y una tecno-plutocracia\u00bb sin precedentes. En este contexto global convulsionado, se\u00f1alan, \u00abla radicalidad destructiva y perversa a gran escala que asume el experimento de extrema derecha en la Argentina ha hecho sonar todas las alarmas\u00bb.<\/p>\n<p data-sourcepos=\"11:1-11:437\">Los firmantes expresan un profundo temor por el futuro del pa\u00eds bajo este proyecto pol\u00edtico e ideol\u00f3gico \u00abreaccionario\u00bb, especialmente para los sectores m\u00e1s vulnerables y los j\u00f3venes. Alertan sobre el \u00absocavamiento y derogaci\u00f3n\u00bb de derechos fundamentales arduamente conquistados desde 1983, tras la \u00faltima dictadura c\u00edvico-militar, a trav\u00e9s de un discurso que los \u00abdesacredita y desprecia\u00bb en un contexto de creciente desigualdad social.<\/p>\n<p data-sourcepos=\"13:1-13:500\">El documento detalla una \u00abpol\u00edtica de despojo de derechos sistem\u00e1tica y abarcativa\u00bb implementada por el Gobierno nacional, mencionando la interrupci\u00f3n del suministro de medicamentos, el cierre o vaciamiento de hospitales psiqui\u00e1tricos, el cuestionamiento de la figura del femicidio, la persecuci\u00f3n o prohibici\u00f3n de periodistas y artistas (con especial \u00e9nfasis en las mujeres), el debilitamiento de la Educaci\u00f3n Sexual Integral, y expresiones discriminatorias del Presidente hacia la comunidad LGBTQ+.<\/p>\n<p data-sourcepos=\"15:1-15:284\">Asimismo, denuncian la modificaci\u00f3n \u00abilegal\u00bb de la Ley de Identidad de G\u00e9nero, la \u00abdemonizaci\u00f3n\u00bb del Conicet y las universidades p\u00fablicas, y el intento de \u00abdesinstalar la pol\u00edtica de la memoria\u00bb respecto a la \u00faltima dictadura, con un discurso oficial que se alinea con los represores.<\/p>\n<p data-sourcepos=\"17:1-17:419\">El \u00abLlamado a las fuerzas de la tierra\u00bb tambi\u00e9n critica la \u00abpol\u00edtica de supresi\u00f3n de libertades\u00bb, ejemplificada en la \u00abmilitarizaci\u00f3n\u00bb del Congreso durante las protestas de jubilados. A lo largo del texto, se cuestionan los recortes en pol\u00edticas p\u00fablicas destinadas a mujeres y disidencias, agricultura familiar, discapacidad, pueblos originarios, derechos humanos, ciencia y tecnolog\u00eda, cultura e infraestructura vial.<\/p>\n<p data-sourcepos=\"19:1-19:450\">Los intelectuales enfatizan su rechazo a la \u00abpol\u00edtica represiva\u00bb del Gobierno, a la que describen como la \u00abinstalaci\u00f3n de un clima de miedo\u00bb para inducir al \u00aboscurantismo, al p\u00e1nico moral y al disciplinamiento social\u00bb. \u00abQuieren que bajemos la cabeza, que nos desanimemos, que obedezcamos, que nos callemos, que nos volvamos sumisos y c\u00f3mplices. En nombre de una falsa libertad, vienen a destruir la libertad de todos y todas\u00bb, sentencia el documento.<\/p>\n<p data-sourcepos=\"21:1-21:321\">En un tono en\u00e9rgico, el texto afirma que \u00abnunca, en tiempos de r\u00e9gimen democr\u00e1tico, la Argentina estuvo tan cerca de un gobierno autocr\u00e1tico y de un Estado de excepci\u00f3n como ahora\u00bb. Ante esta situaci\u00f3n, consideran que \u00abes la sociedad movilizada la que debe colocar l\u00edmites pol\u00edticos y \u00e9ticos a esta ofensiva autoritaria\u00bb.<\/p>\n<p data-sourcepos=\"23:1-23:689\">El documento concluye con una cr\u00edtica a la apelaci\u00f3n del gobierno a \u00abfuerzas divinas\u00bb, contraponiendo a ellas las \u00abfuerzas de la tierra\u00bb: \u00abpotentes movimientos sociales y corrientes culturales, en el campo de los derechos humanos, sociales, territoriales, sindicales, de g\u00e9nero, ambientales\u00bb. Desde esta perspectiva, convocan a la construcci\u00f3n de una agenda pol\u00edtica propositiva e integral, basada en el compromiso con los derechos, la democracia y la solidaridad intergeneracional. \u00abHacemos un llamado a las fuerzas de la tierra: por la libertad, por el pluralismo, por los derechos b\u00e1sicos, por un reparto justo de la riqueza, por la igualdad, por la democracia\u00bb, finaliza el manifiesto.<\/p>\n<\/div>\n<\/div>\n<\/div>\n<\/div>\n<\/div>\n<\/div>\n<\/div>\n<\/div>\n","protected":false},"excerpt":{"rendered":"<p>Intelectuales de diversas disciplinas alzaron su voz en un documento titulado \u00abLlamado a las fuerzas de la tierra\u00bb, donde advierten<\/p>\n","protected":false},"author":1,"featured_media":115024,"comment_status":"closed","ping_status":"closed","sticky":false,"template":"","format":"standard","meta":{"kia_subtitle":"Un nutrido grupo de figuras de la cultura, la educaci\u00f3n y la ciencia, entre ellos Claudia Pi\u00f1eiro, Cristina Banegas y Mart\u00edn Caparr\u00f3s, firmaron un \"Llamado a las fuerzas de la tierra\" en el que expresan su profunda preocupaci\u00f3n por la deriva autoritaria y el desmantelamiento de derechos en la Argentina.","footnotes":"","jetpack_publicize_message":"","jetpack_publicize_feature_enabled":true,"jetpack_social_post_already_shared":true,"jetpack_social_options":{"image_generator_settings":{"template":"highway","default_image_id":0,"font":"","enabled":false},"version":2}},"categories":[3,41],"tags":[],"class_list":["post-115023","post","type-post","status-publish","format-standard","has-post-thumbnail","hentry","category-actualidad","category-nacionales"],"jetpack_publicize_connections":[],"jetpack_featured_media_url":"https:\/\/laurbedigital.com.ar\/noticias\/wp-content\/uploads\/2025\/04\/20250410-Intelectuales.jpg","_links":{"self":[{"href":"https:\/\/laurbedigital.com.ar\/noticias\/wp-json\/wp\/v2\/posts\/115023","targetHints":{"allow":["GET"]}}],"collection":[{"href":"https:\/\/laurbedigital.com.ar\/noticias\/wp-json\/wp\/v2\/posts"}],"about":[{"href":"https:\/\/laurbedigital.com.ar\/noticias\/wp-json\/wp\/v2\/types\/post"}],"author":[{"embeddable":true,"href":"https:\/\/laurbedigital.com.ar\/noticias\/wp-json\/wp\/v2\/users\/1"}],"replies":[{"embeddable":true,"href":"https:\/\/laurbedigital.com.ar\/noticias\/wp-json\/wp\/v2\/comments?post=115023"}],"version-history":[{"count":2,"href":"https:\/\/laurbedigital.com.ar\/noticias\/wp-json\/wp\/v2\/posts\/115023\/revisions"}],"predecessor-version":[{"id":115026,"href":"https:\/\/laurbedigital.com.ar\/noticias\/wp-json\/wp\/v2\/posts\/115023\/revisions\/115026"}],"wp:featuredmedia":[{"embeddable":true,"href":"https:\/\/laurbedigital.com.ar\/noticias\/wp-json\/wp\/v2\/media\/115024"}],"wp:attachment":[{"href":"https:\/\/laurbedigital.com.ar\/noticias\/wp-json\/wp\/v2\/media?parent=115023"}],"wp:term":[{"taxonomy":"category","embeddable":true,"href":"https:\/\/laurbedigital.com.ar\/noticias\/wp-json\/wp\/v2\/categories?post=115023"},{"taxonomy":"post_tag","embeddable":true,"href":"https:\/\/laurbedigital.com.ar\/noticias\/wp-json\/wp\/v2\/tags?post=115023"}],"curies":[{"name":"wp","href":"https:\/\/api.w.org\/{rel}","templated":true}]}}