{"id":115019,"date":"2025-04-10T03:03:56","date_gmt":"2025-04-10T06:03:56","guid":{"rendered":"https:\/\/laurbedigital.com.ar\/noticias\/?p=115019"},"modified":"2025-04-10T03:03:56","modified_gmt":"2025-04-10T06:03:56","slug":"policia-federal-indagado-por-gasificar-a-una-nina-en-protesta-de-jubilados","status":"publish","type":"post","link":"https:\/\/laurbedigital.com.ar\/noticias\/2025\/04\/10\/policia-federal-indagado-por-gasificar-a-una-nina-en-protesta-de-jubilados\/","title":{"rendered":"Polic\u00eda federal indagado por gasificar a una ni\u00f1a en protesta de jubilados"},"content":{"rendered":"<p data-sourcepos=\"5:1-5:278\">El juez federal Sebasti\u00e1n Ramos cit\u00f3 a declaraci\u00f3n indagatoria al polic\u00eda federal Cristian Rivaldi, imputado por haber arrojado gas lacrim\u00f3geno a una ni\u00f1a de diez a\u00f1os durante una protesta de jubilados ocurrida el 11 de septiembre del a\u00f1o pasado frente al Congreso de la Naci\u00f3n.<\/p>\n<p data-sourcepos=\"7:1-7:313\">La citaci\u00f3n, fijada para el pr\u00f3ximo 6 de mayo a las 10 de la ma\u00f1ana, se concret\u00f3 tras un pedido del fiscal del caso, Eduardo Taiano, seg\u00fan informaron fuentes judiciales. El magistrado notific\u00f3 al efectivo policial sobre su derecho a designar un abogado defensor de su confianza o a recurrir a un defensor oficial.<\/p>\n<p data-sourcepos=\"9:1-9:528\">La causa investiga el accionar policial contra Fabrizia Pegoraro, la menor afectada por el gas lacrim\u00f3geno, quien se encontraba en el lugar de la manifestaci\u00f3n junto a su madre, Carla Marina Pegoraro. La fiscal\u00eda fue contundente en su dictamen al solicitar la indagatoria, se\u00f1alando que Rivaldi deber\u00e1 responder por haber empleado \u00abde forma desmedida e injustificada, y a una corta distancia, un Disuasivo Presurizado Org\u00e1nico hacia los ojos y el cuerpo de Carla Marina Pegoraro y su hija Fabrizia Pegoraro, de 10 a\u00f1os de edad\u00bb.<\/p>\n<p data-sourcepos=\"11:1-11:186\">El escrito de la fiscal\u00eda subraya que tanto la madre como la hija \u00abse encontraban sentadas en la v\u00eda p\u00fablica sin ejercer ning\u00fan tipo de resistencia ni agresi\u00f3n\u00bb al momento del incidente.<\/p>\n<p data-sourcepos=\"13:1-13:513\">Las consecuencias del accionar del polic\u00eda Rivaldi fueron detalladas en el dictamen fiscal, que precisa que \u00abel l\u00edquido irritante del armamento no letal con el cual Rivaldi roci\u00f3 a Carla Pegoraro y Fabrizia Pegoraro gener\u00f3 en las nombradas dolencias en sus ojos, por las cuales tuvieron que ser asistidas en ese momento, y particularmente, a Fabrizia Pegoraro, un da\u00f1o en la salud a ra\u00edz del cual se le diagnostic\u00f3 conjuntivitis qu\u00edmica que le perdur\u00f3 por varios d\u00edas caus\u00e1ndole dolores y malestares en la vista\u00bb.<\/p>\n<p data-sourcepos=\"15:1-15:393\">La citaci\u00f3n a indagatoria de este efectivo de la Polic\u00eda Federal marca un avance en la investigaci\u00f3n de un hecho que gener\u00f3 indignaci\u00f3n y puso de manifiesto la actuaci\u00f3n de las fuerzas de seguridad en el contexto de protestas sociales, especialmente cuando resultan afectadas personas vulnerables como ni\u00f1os. La justicia deber\u00e1 ahora determinar la responsabilidad del polic\u00eda en este episodio.<\/p>\n","protected":false},"excerpt":{"rendered":"<p>El juez federal Sebasti\u00e1n Ramos cit\u00f3 a declaraci\u00f3n indagatoria al polic\u00eda federal Cristian Rivaldi, imputado por haber arrojado gas lacrim\u00f3geno<\/p>\n","protected":false},"author":1,"featured_media":115020,"comment_status":"closed","ping_status":"closed","sticky":false,"template":"","format":"standard","meta":{"kia_subtitle":"El efectivo Cristian Rivaldi deber\u00e1 comparecer ante la justicia en mayo por el uso \"desmedido e injustificado\" de gas lacrim\u00f3geno contra una menor de diez a\u00f1os y su madre durante una manifestaci\u00f3n en el Congreso.","footnotes":"","jetpack_publicize_message":"","jetpack_publicize_feature_enabled":true,"jetpack_social_post_already_shared":true,"jetpack_social_options":{"image_generator_settings":{"template":"highway","default_image_id":0,"font":"","enabled":false},"version":2}},"categories":[8],"tags":[],"class_list":["post-115019","post","type-post","status-publish","format-standard","has-post-thumbnail","hentry","category-policiales"],"jetpack_publicize_connections":[],"jetpack_featured_media_url":"https:\/\/laurbedigital.com.ar\/noticias\/wp-content\/uploads\/2025\/04\/20250410-congreso-nene-gaseada.jpg","_links":{"self":[{"href":"https:\/\/laurbedigital.com.ar\/noticias\/wp-json\/wp\/v2\/posts\/115019","targetHints":{"allow":["GET"]}}],"collection":[{"href":"https:\/\/laurbedigital.com.ar\/noticias\/wp-json\/wp\/v2\/posts"}],"about":[{"href":"https:\/\/laurbedigital.com.ar\/noticias\/wp-json\/wp\/v2\/types\/post"}],"author":[{"embeddable":true,"href":"https:\/\/laurbedigital.com.ar\/noticias\/wp-json\/wp\/v2\/users\/1"}],"replies":[{"embeddable":true,"href":"https:\/\/laurbedigital.com.ar\/noticias\/wp-json\/wp\/v2\/comments?post=115019"}],"version-history":[{"count":2,"href":"https:\/\/laurbedigital.com.ar\/noticias\/wp-json\/wp\/v2\/posts\/115019\/revisions"}],"predecessor-version":[{"id":115022,"href":"https:\/\/laurbedigital.com.ar\/noticias\/wp-json\/wp\/v2\/posts\/115019\/revisions\/115022"}],"wp:featuredmedia":[{"embeddable":true,"href":"https:\/\/laurbedigital.com.ar\/noticias\/wp-json\/wp\/v2\/media\/115020"}],"wp:attachment":[{"href":"https:\/\/laurbedigital.com.ar\/noticias\/wp-json\/wp\/v2\/media?parent=115019"}],"wp:term":[{"taxonomy":"category","embeddable":true,"href":"https:\/\/laurbedigital.com.ar\/noticias\/wp-json\/wp\/v2\/categories?post=115019"},{"taxonomy":"post_tag","embeddable":true,"href":"https:\/\/laurbedigital.com.ar\/noticias\/wp-json\/wp\/v2\/tags?post=115019"}],"curies":[{"name":"wp","href":"https:\/\/api.w.org\/{rel}","templated":true}]}}