{"id":115017,"date":"2025-04-10T03:00:37","date_gmt":"2025-04-10T06:00:37","guid":{"rendered":"https:\/\/laurbedigital.com.ar\/noticias\/?p=115017"},"modified":"2025-04-10T03:00:37","modified_gmt":"2025-04-10T06:00:37","slug":"consumo-en-supermercados-profundiza-su-desplome-y-suma-15-meses-de-caida-consecutiva","status":"publish","type":"post","link":"https:\/\/laurbedigital.com.ar\/noticias\/2025\/04\/10\/consumo-en-supermercados-profundiza-su-desplome-y-suma-15-meses-de-caida-consecutiva\/","title":{"rendered":"Consumo en supermercados profundiza su desplome y suma 15 meses de ca\u00edda consecutiva"},"content":{"rendered":"<div id=\"chat-history\" class=\"chat-history-scroll-container\">\n<div id=\"dda192e4af5de719\" class=\"conversation-container message-actions-hover-boundary tts-removed ng-star-inserted\">\n<div>\n<div class=\"response-container ng-tns-c1953781776-26 response-container-with-gpi tts-removed ng-star-inserted response-container-has-multiple-responses\">\n<div class=\"presented-response-container ng-tns-c1953781776-26\">\n<div class=\"response-container-content ng-tns-c1953781776-26\">\n<div class=\"response-content ng-tns-c1953781776-26\">\n<div id=\"model-response-message-contentr_dda192e4af5de719\" class=\"markdown markdown-main-panel\" dir=\"ltr\">\n<p data-sourcepos=\"5:1-5:385\">El consumo en los grandes supermercados del pa\u00eds contin\u00faa su marcada tendencia a la baja, registrando en marzo una nueva ca\u00edda interanual que ya acumula 15 meses consecutivos. Fuentes del sector supermercadista confirmaron a este medio que la merma en las ventas durante el mes pasado se situ\u00f3 entre un 5% y un 7% en comparaci\u00f3n con marzo de 2024, profundizando la crisis en el sector.<\/p>\n<p data-sourcepos=\"7:1-7:435\">Este nuevo retroceso se produce, adem\u00e1s, sobre una base comparativa ya debilitada, dado que en marzo del a\u00f1o anterior el consumo en supermercados hab\u00eda experimentado una ca\u00edda del 7,3% seg\u00fan datos de la consultora Scentia. De esta manera, las ventas actuales se encuentran varios puntos porcentuales por debajo del punto m\u00e1s \u00e1lgido de la recesi\u00f3n desatada tras las medidas de ajuste implementadas por la administraci\u00f3n de Javier Milei.<\/p>\n<p data-sourcepos=\"9:1-9:600\">La confirmaci\u00f3n de este nuevo descenso interanual extiende a 15 meses la racha negativa para el consumo en supermercados. El \u00faltimo registro positivo se remonta a diciembre de 2023, un mes en el que la incipiente recesi\u00f3n solo impact\u00f3 parcialmente, permitiendo un leve repunte del 1,4%. Desde entonces, la tendencia ha sido consistentemente a la baja, alcanzando un preocupante 22% de ca\u00edda interanual en septiembre, de acuerdo con los datos de Scentia. Si bien en los meses posteriores se hab\u00eda observado una desaceleraci\u00f3n en la magnitud de la ca\u00edda, el dato de marzo vuelve a encender las alarmas.<\/p>\n<p data-sourcepos=\"11:1-11:528\">A mediados de marzo, las fuentes del sector hab\u00edan anticipado una ca\u00edda cercana al 7%, aunque se\u00f1alaron que este n\u00famero se ve\u00eda afectado por el cierre temporal de supermercados en Bah\u00eda Blanca debido a las inundaciones. Al excluir este factor, la ca\u00edda estimada se ubicaba en torno al 5,5%. Sin embargo, con la paulatina reapertura de los locales en la ciudad bonaerense, se espera que este efecto se haya diluido, sugiriendo que la ca\u00edda final podr\u00eda ser m\u00e1s cercana al 7% y reflejar una contracci\u00f3n homog\u00e9nea a nivel nacional.<\/p>\n<p data-sourcepos=\"13:1-13:431\">Diversos factores explican esta nueva contracci\u00f3n en el consumo. A pesar de una leve recuperaci\u00f3n de los salarios privados formales desde noviembre de 2023, los recientes aumentos tarifarios implementados por el gobierno en el segundo trimestre han obligado a los consumidores a destinar una mayor porci\u00f3n de sus ingresos al pago de servicios esenciales como luz, gas y transporte, limitando su capacidad de compra en otros rubros.<\/p>\n<p data-sourcepos=\"15:1-15:610\">Adicionalmente, los datos de Scentia revelan que la ca\u00edda del consumo durante el \u00faltimo a\u00f1o ha sido a\u00fan m\u00e1s pronunciada en los peque\u00f1os autoservicios independientes, lo que descarta la posibilidad de que la disminuci\u00f3n en las ventas de los supermercados se deba simplemente a una migraci\u00f3n de los consumidores hacia otros canales de compra. Esta situaci\u00f3n se agrava al recordar que los programas de precios regulados, como Precios Cuidados, ya hab\u00edan sido eliminados de las grandes cadenas de supermercados meses atr\u00e1s, por lo que el flujo de clientes que estos atra\u00edan ya se hab\u00eda reducido significativamente.<\/p>\n<p data-sourcepos=\"17:1-17:641\">La persistente ca\u00edda del consumo en supermercados en marzo constituye una se\u00f1al de alerta ante un panorama econ\u00f3mico que no ofrece alivio en el corto plazo. La inflaci\u00f3n, lejos de ceder significativamente, podr\u00eda incluso acelerarse a nivel nacional, tal como lo anticipa el dato de inflaci\u00f3n de la Ciudad de Buenos Aires para marzo (3,2%). Este escenario se ve exacerbado por las remarcaciones de precios que algunos comercios han implementado tras la reciente escalada de los d\u00f3lares paralelos, lo que anticipa mayores presiones sobre el poder adquisitivo de los consumidores y dificulta una recuperaci\u00f3n del consumo en el futuro inmediato.<\/p>\n<\/div>\n<\/div>\n<\/div>\n<\/div>\n<\/div>\n<\/div>\n<\/div>\n<\/div>\n","protected":false},"excerpt":{"rendered":"<p>El consumo en los grandes supermercados del pa\u00eds contin\u00faa su marcada tendencia a la baja, registrando en marzo una nueva<\/p>\n","protected":false},"author":1,"featured_media":103881,"comment_status":"closed","ping_status":"closed","sticky":false,"template":"","format":"standard","meta":{"kia_subtitle":"La merma en las ventas de las grandes cadenas se ubic\u00f3 entre el 5% y el 7% en marzo, acentuando una tendencia negativa que persiste desde el inicio del gobierno de Javier Milei. La inflaci\u00f3n persistente y los tarifazos complican un panorama que no vislumbra mejoras a corto plazo.","footnotes":"","jetpack_publicize_message":"","jetpack_publicize_feature_enabled":true,"jetpack_social_post_already_shared":true,"jetpack_social_options":{"image_generator_settings":{"template":"highway","default_image_id":0,"font":"","enabled":false},"version":2}},"categories":[3,41],"tags":[],"class_list":["post-115017","post","type-post","status-publish","format-standard","has-post-thumbnail","hentry","category-actualidad","category-nacionales"],"jetpack_publicize_connections":[],"jetpack_featured_media_url":"https:\/\/laurbedigital.com.ar\/noticias\/wp-content\/uploads\/2024\/04\/20240410-Supermercado-inflacion-precios-aumentos.jpg","_links":{"self":[{"href":"https:\/\/laurbedigital.com.ar\/noticias\/wp-json\/wp\/v2\/posts\/115017","targetHints":{"allow":["GET"]}}],"collection":[{"href":"https:\/\/laurbedigital.com.ar\/noticias\/wp-json\/wp\/v2\/posts"}],"about":[{"href":"https:\/\/laurbedigital.com.ar\/noticias\/wp-json\/wp\/v2\/types\/post"}],"author":[{"embeddable":true,"href":"https:\/\/laurbedigital.com.ar\/noticias\/wp-json\/wp\/v2\/users\/1"}],"replies":[{"embeddable":true,"href":"https:\/\/laurbedigital.com.ar\/noticias\/wp-json\/wp\/v2\/comments?post=115017"}],"version-history":[{"count":1,"href":"https:\/\/laurbedigital.com.ar\/noticias\/wp-json\/wp\/v2\/posts\/115017\/revisions"}],"predecessor-version":[{"id":115018,"href":"https:\/\/laurbedigital.com.ar\/noticias\/wp-json\/wp\/v2\/posts\/115017\/revisions\/115018"}],"wp:featuredmedia":[{"embeddable":true,"href":"https:\/\/laurbedigital.com.ar\/noticias\/wp-json\/wp\/v2\/media\/103881"}],"wp:attachment":[{"href":"https:\/\/laurbedigital.com.ar\/noticias\/wp-json\/wp\/v2\/media?parent=115017"}],"wp:term":[{"taxonomy":"category","embeddable":true,"href":"https:\/\/laurbedigital.com.ar\/noticias\/wp-json\/wp\/v2\/categories?post=115017"},{"taxonomy":"post_tag","embeddable":true,"href":"https:\/\/laurbedigital.com.ar\/noticias\/wp-json\/wp\/v2\/tags?post=115017"}],"curies":[{"name":"wp","href":"https:\/\/api.w.org\/{rel}","templated":true}]}}