{"id":114983,"date":"2025-04-09T01:26:22","date_gmt":"2025-04-09T04:26:22","guid":{"rendered":"https:\/\/laurbedigital.com.ar\/noticias\/?p=114983"},"modified":"2025-04-09T01:26:22","modified_gmt":"2025-04-09T04:26:22","slug":"uia-enciende-alarma-por-desplome-de-pymes-y-clama-por-un-frente-unido-contra-la-competencia-desleal","status":"publish","type":"post","link":"https:\/\/laurbedigital.com.ar\/noticias\/2025\/04\/09\/uia-enciende-alarma-por-desplome-de-pymes-y-clama-por-un-frente-unido-contra-la-competencia-desleal\/","title":{"rendered":"UIA enciende alarma por desplome de PyMEs y clama por un frente unido contra la competencia desleal"},"content":{"rendered":"<p data-sourcepos=\"3:1-3:645\"><strong>En su reciente reuni\u00f3n de Junta Directiva, la central fabril no solo alert\u00f3 sobre los riesgos de una guerra comercial global recrudecida, sino que tambi\u00e9n lanz\u00f3 duras cr\u00edticas a las pol\u00edticas de apertura implementadas por el Gobierno, al tiempo que rechaz\u00f3 enf\u00e1ticamente el paro nacional convocado por la CGT, abogando por la reapertura de un di\u00e1logo social constructivo.<\/strong><\/p>\n<p data-sourcepos=\"5:1-5:449\">La UIA advirti\u00f3 que la escalada arancelaria a nivel internacional, impulsada por las medidas proteccionistas de Estados Unidos, podr\u00eda asestar un golpe a\u00fan m\u00e1s severo a la ya debilitada industria nacional. En este contexto, la entidad enfatiz\u00f3 la urgencia de que el pa\u00eds adopte pol\u00edticas activas para blindar tanto su capacidad exportadora como su mercado dom\u00e9stico, evitando as\u00ed un escenario de mayor vulnerabilidad para el tejido productivo local.<\/p>\n<p data-sourcepos=\"7:1-7:472\">Las cr\u00edticas m\u00e1s punzantes de la UIA se dirigieron hacia la reciente flexibilizaci\u00f3n de las importaciones en sectores considerados sensibles, como el calzado, el textil y la indumentaria. La organizaci\u00f3n empresarial lament\u00f3 que estas decisiones se hayan tomado sin una hoja de ruta clara en materia de competitividad, que contemple medidas fundamentales como la reducci\u00f3n de la carga impositiva, la mejora de la infraestructura y un acceso m\u00e1s favorable al financiamiento.<\/p>\n<p data-sourcepos=\"9:1-9:343\">\u201cEl riesgo es agravar el impacto negativo sobre la producci\u00f3n nacional\u201d, sentenciaron desde la UIA, subrayando que una apertura desmedida y sin los debidos contrapesos puede traducirse en el desplazamiento de proveedores locales y, consecuentemente, en la p\u00e9rdida de puestos de trabajo en sectores donde las PyMEs tienen un peso significativo.<\/p>\n<p data-sourcepos=\"11:1-11:321\">En este sentido, la Uni\u00f3n Industrial Argentina demand\u00f3 una \u201cinserci\u00f3n internacional inteligente\u201d, que priorice el fomento de las exportaciones con valor agregado, la implementaci\u00f3n de mecanismos efectivos para combatir el dumping y la protecci\u00f3n del mercado interno frente a pr\u00e1cticas comerciales que considera desleales.<\/p>\n<p data-sourcepos=\"13:1-13:298\">La gravedad de la situaci\u00f3n para las PyMEs qued\u00f3 plasmada en los datos revelados por el Observatorio PyME, que indican que un alarmante 40% de las empresas industriales de menor tama\u00f1o ya perciben una merma en su cuota de mercado dom\u00e9stico debido a la presi\u00f3n ejercida por los productos importados.<\/p>\n<p data-sourcepos=\"15:1-15:337\">Ante este panorama, la UIA elev\u00f3 al Gobierno un pliego de demandas concretas, instando a la implementaci\u00f3n de una agenda de pol\u00edticas industriales que incluya incentivos al empleo en el sector, una reducci\u00f3n sustancial de la presi\u00f3n fiscal, inversiones estrat\u00e9gicas en infraestructura log\u00edstica y una lucha frontal contra el contrabando.<\/p>\n<p data-sourcepos=\"17:1-17:491\">En un cap\u00edtulo aparte, la c\u00fapula de la UIA expres\u00f3 su firme desacuerdo con la medida de fuerza anunciada por la CGT para el pr\u00f3ximo jueves. La entidad consider\u00f3 que el paro nacional podr\u00eda obstaculizar el incipiente repunte que experimenta la actividad industrial, abogando en cambio por la reactivaci\u00f3n de un di\u00e1logo institucional fluido entre los representantes de los trabajadores y el Gobierno como el camino m\u00e1s id\u00f3neo para resolver las diferencias sin da\u00f1ar la producci\u00f3n ni el empleo.<\/p>\n<p data-sourcepos=\"19:1-19:604\">Finalmente, la UIA anunci\u00f3 la celebraci\u00f3n de su Consejo General el pr\u00f3ximo 29 de abril, donde se llevar\u00e1 a cabo la renovaci\u00f3n de sus autoridades. Asimismo, anticip\u00f3 la presentaci\u00f3n, para hoy mi\u00e9rcoles 9 de abril, de los resultados del programa AL INVEST Verde, una iniciativa desarrollada en colaboraci\u00f3n con la Organizaci\u00f3n Internacional del Trabajo (OIT) y la Uni\u00f3n Europea, que ha capacitado a m\u00e1s de 2.000 personas en pr\u00e1cticas sostenibles y transformaci\u00f3n digital, adem\u00e1s de brindar asistencia t\u00e9cnica a diversas empresas para la adopci\u00f3n de procesos productivos m\u00e1s amigables con el medio ambiente.<\/p>\n","protected":false},"excerpt":{"rendered":"<p>En su reciente reuni\u00f3n de Junta Directiva, la central fabril no solo alert\u00f3 sobre los riesgos de una guerra comercial<\/p>\n","protected":false},"author":1,"featured_media":108381,"comment_status":"closed","ping_status":"closed","sticky":false,"template":"","format":"standard","meta":{"kia_subtitle":"La Uni\u00f3n Industrial Argentina alert\u00f3 sobre el impacto de la competencia desleal y la apertura importadora en las PyMEs, al tiempo que rechaz\u00f3 el paro de la CGT y pidi\u00f3 di\u00e1logo social. La entidad tambi\u00e9n anunci\u00f3 renovaci\u00f3n de autoridades y la presentaci\u00f3n de un programa de sostenibilidad.","footnotes":"","jetpack_publicize_message":"","jetpack_publicize_feature_enabled":true,"jetpack_social_post_already_shared":true,"jetpack_social_options":{"image_generator_settings":{"template":"highway","default_image_id":0,"font":"","enabled":false},"version":2}},"categories":[3,41],"tags":[],"class_list":["post-114983","post","type-post","status-publish","format-standard","has-post-thumbnail","hentry","category-actualidad","category-nacionales"],"jetpack_publicize_connections":[],"jetpack_featured_media_url":"https:\/\/laurbedigital.com.ar\/noticias\/wp-content\/uploads\/2024\/09\/20240901-Pymes.jpg","_links":{"self":[{"href":"https:\/\/laurbedigital.com.ar\/noticias\/wp-json\/wp\/v2\/posts\/114983","targetHints":{"allow":["GET"]}}],"collection":[{"href":"https:\/\/laurbedigital.com.ar\/noticias\/wp-json\/wp\/v2\/posts"}],"about":[{"href":"https:\/\/laurbedigital.com.ar\/noticias\/wp-json\/wp\/v2\/types\/post"}],"author":[{"embeddable":true,"href":"https:\/\/laurbedigital.com.ar\/noticias\/wp-json\/wp\/v2\/users\/1"}],"replies":[{"embeddable":true,"href":"https:\/\/laurbedigital.com.ar\/noticias\/wp-json\/wp\/v2\/comments?post=114983"}],"version-history":[{"count":1,"href":"https:\/\/laurbedigital.com.ar\/noticias\/wp-json\/wp\/v2\/posts\/114983\/revisions"}],"predecessor-version":[{"id":114984,"href":"https:\/\/laurbedigital.com.ar\/noticias\/wp-json\/wp\/v2\/posts\/114983\/revisions\/114984"}],"wp:featuredmedia":[{"embeddable":true,"href":"https:\/\/laurbedigital.com.ar\/noticias\/wp-json\/wp\/v2\/media\/108381"}],"wp:attachment":[{"href":"https:\/\/laurbedigital.com.ar\/noticias\/wp-json\/wp\/v2\/media?parent=114983"}],"wp:term":[{"taxonomy":"category","embeddable":true,"href":"https:\/\/laurbedigital.com.ar\/noticias\/wp-json\/wp\/v2\/categories?post=114983"},{"taxonomy":"post_tag","embeddable":true,"href":"https:\/\/laurbedigital.com.ar\/noticias\/wp-json\/wp\/v2\/tags?post=114983"}],"curies":[{"name":"wp","href":"https:\/\/api.w.org\/{rel}","templated":true}]}}