{"id":114359,"date":"2025-03-18T00:26:58","date_gmt":"2025-03-18T03:26:58","guid":{"rendered":"https:\/\/laurbedigital.com.ar\/noticias\/?p=114359"},"modified":"2025-03-17T23:30:23","modified_gmt":"2025-03-18T02:30:23","slug":"dia-del-telefonico-una-labor-clave-en-las-telecomunicaciones","status":"publish","type":"post","link":"https:\/\/laurbedigital.com.ar\/noticias\/2025\/03\/18\/dia-del-telefonico-una-labor-clave-en-las-telecomunicaciones\/","title":{"rendered":"D\u00eda del Telef\u00f3nico: una labor clave en las telecomunicaciones"},"content":{"rendered":"<p>l avance de las telecomunicaciones ha transformado la manera en que las personas se comunican. Desde las primeras centrales telef\u00f3nicas manuales hasta las actuales redes de fibra \u00f3ptica, los telef\u00f3nicos han sido protagonistas de este cambio, garantizando que la comunicaci\u00f3n fluya sin interrupciones.<\/p>\n<p>En la d\u00e9cada de 1940, con el crecimiento del servicio telef\u00f3nico en Argentina, los trabajadores del sector comenzaron a organizarse para defender sus derechos laborales. Este proceso culmin\u00f3 en la creaci\u00f3n de la Federaci\u00f3n Argentina de Trabajadores de las Telecomunicaciones (FATTEL), que representa a miles de empleados en todo el pa\u00eds.<\/p>\n<p>A lo largo de los a\u00f1os, el sector ha enfrentado cambios significativos, desde la privatizaci\u00f3n de las telecomunicaciones en los a\u00f1os 90 hasta la incorporaci\u00f3n de nuevas tecnolog\u00edas en la actualidad. A pesar de estos desaf\u00edos, los telef\u00f3nicos han mantenido su compromiso con la conectividad y el servicio a la comunidad.<\/p>\n<p>Hoy, en una sociedad hiperconectada, su trabajo es m\u00e1s importante que nunca. La demanda de servicios de internet y telefon\u00eda sigue en aumento, y la tarea de los telef\u00f3nicos es crucial para garantizar el acceso a la informaci\u00f3n y la comunicaci\u00f3n en todo el pa\u00eds.<\/p>\n<p>El D\u00eda del Telef\u00f3nico es una ocasi\u00f3n para valorar el esfuerzo de quienes, a trav\u00e9s de cables, antenas y redes, hacen posible que las voces y los datos viajen sin barreras. Su labor, a menudo invisible, es la base sobre la cual se construye la conectividad moderna.<\/p>\n<p>&nbsp;<\/p>\n","protected":false},"excerpt":{"rendered":"<p>l avance de las telecomunicaciones ha transformado la manera en que las personas se comunican. Desde las primeras centrales telef\u00f3nicas<\/p>\n","protected":false},"author":1,"featured_media":114360,"comment_status":"closed","ping_status":"closed","sticky":false,"template":"","format":"standard","meta":{"kia_subtitle":"Cada 18 de marzo se celebra el D\u00eda del Telef\u00f3nico en Argentina, una jornada dedicada a reconocer la labor de quienes trabajan en el sector de las telecomunicaciones. Su rol ha sido fundamental a lo largo de la historia y sigue siendo clave en la era digital.","footnotes":"","jetpack_publicize_message":"","jetpack_publicize_feature_enabled":true,"jetpack_social_post_already_shared":true,"jetpack_social_options":{"image_generator_settings":{"template":"highway","default_image_id":0,"font":"","enabled":false},"version":2}},"categories":[5,2594],"tags":[],"class_list":["post-114359","post","type-post","status-publish","format-standard","has-post-thumbnail","hentry","category-cultura","category-efemerides"],"jetpack_publicize_connections":[],"jetpack_featured_media_url":"https:\/\/laurbedigital.com.ar\/noticias\/wp-content\/uploads\/2025\/03\/20250318-Telefonico.jpg","_links":{"self":[{"href":"https:\/\/laurbedigital.com.ar\/noticias\/wp-json\/wp\/v2\/posts\/114359","targetHints":{"allow":["GET"]}}],"collection":[{"href":"https:\/\/laurbedigital.com.ar\/noticias\/wp-json\/wp\/v2\/posts"}],"about":[{"href":"https:\/\/laurbedigital.com.ar\/noticias\/wp-json\/wp\/v2\/types\/post"}],"author":[{"embeddable":true,"href":"https:\/\/laurbedigital.com.ar\/noticias\/wp-json\/wp\/v2\/users\/1"}],"replies":[{"embeddable":true,"href":"https:\/\/laurbedigital.com.ar\/noticias\/wp-json\/wp\/v2\/comments?post=114359"}],"version-history":[{"count":1,"href":"https:\/\/laurbedigital.com.ar\/noticias\/wp-json\/wp\/v2\/posts\/114359\/revisions"}],"predecessor-version":[{"id":114361,"href":"https:\/\/laurbedigital.com.ar\/noticias\/wp-json\/wp\/v2\/posts\/114359\/revisions\/114361"}],"wp:featuredmedia":[{"embeddable":true,"href":"https:\/\/laurbedigital.com.ar\/noticias\/wp-json\/wp\/v2\/media\/114360"}],"wp:attachment":[{"href":"https:\/\/laurbedigital.com.ar\/noticias\/wp-json\/wp\/v2\/media?parent=114359"}],"wp:term":[{"taxonomy":"category","embeddable":true,"href":"https:\/\/laurbedigital.com.ar\/noticias\/wp-json\/wp\/v2\/categories?post=114359"},{"taxonomy":"post_tag","embeddable":true,"href":"https:\/\/laurbedigital.com.ar\/noticias\/wp-json\/wp\/v2\/tags?post=114359"}],"curies":[{"name":"wp","href":"https:\/\/api.w.org\/{rel}","templated":true}]}}