{"id":114350,"date":"2025-03-17T22:41:25","date_gmt":"2025-03-18T01:41:25","guid":{"rendered":"https:\/\/laurbedigital.com.ar\/noticias\/?p=114350"},"modified":"2025-03-17T22:41:25","modified_gmt":"2025-03-18T01:41:25","slug":"el-juicio-que-destapa-un-entramado-de-poder-y-abuso","status":"publish","type":"post","link":"https:\/\/laurbedigital.com.ar\/noticias\/2025\/03\/17\/el-juicio-que-destapa-un-entramado-de-poder-y-abuso\/","title":{"rendered":"El juicio que destapa un entramado de poder y abuso"},"content":{"rendered":"<p>El 31 de marzo comenzar\u00e1 en Misiones un juicio que marcar\u00e1 un hito judicial: el proceso oral contra Germ\u00e1n y Sebasti\u00e1n Kiczka, acusados de tenencia y distribuci\u00f3n de Material de Abuso Sexual Infantil (MASI). No se trata de un caso menor: es el primero en la provincia en alcanzar esta instancia y pone en el banquillo a un exdiputado provincial. La expectativa es alta, no solo por la gravedad de los delitos imputados, sino tambi\u00e9n por el impacto pol\u00edtico e institucional que el caso conlleva.<\/p>\n<h3>Un esc\u00e1ndalo que revel\u00f3 la cara oculta del poder<\/h3>\n<p>El Tribunal Penal 1 de la Primera Circunscripci\u00f3n Judicial de Misiones ser\u00e1 el escenario de un juicio que promete extenderse hasta el 16 de abril. En el centro de la escena estar\u00e1n los hermanos Kiczka, quienes enfrentan cargos que podr\u00edan derivar en condenas ejemplares. El expediente judicial es voluminoso y contiene cientos de archivos con material probatorio, seg\u00fan confirm\u00f3 el procurador general de Misiones, Carlos Gim\u00e9nez.<\/p>\n<p>\u00abEstamos ante un caso sin precedentes en la provincia, tanto por su magnitud como por el perfil de los imputados\u00bb, indic\u00f3 una fuente judicial con acceso a la causa. Y es que la ca\u00edda de Germ\u00e1n Kiczka, quien hasta su detenci\u00f3n en agosto de 2024 era diputado provincial, conmocion\u00f3 el tablero pol\u00edtico. Su participaci\u00f3n en comisiones legislativas vinculadas a derechos sociales expone una contradicci\u00f3n que no pas\u00f3 desapercibida.<\/p>\n<h3>La dimensi\u00f3n del caso y su impacto internacional<\/h3>\n<p>El juicio no solo es relevante a nivel local, sino que ha captado la atenci\u00f3n de organismos internacionales de protecci\u00f3n infantil. Datos de INTERPOL se\u00f1alan que los delitos relacionados con MASI han aumentado un 83% en los \u00faltimos cinco a\u00f1os, mientras que UNICEF alert\u00f3 sobre el crecimiento de la detecci\u00f3n de material de abuso infantil en Argentina, con m\u00e1s de 6.800 reportes verificados en la pandemia.<\/p>\n<p>Seg\u00fan la Divisi\u00f3n de Delitos Cibern\u00e9ticos contra la Ni\u00f1ez y Adolescencia, en el pa\u00eds los delitos vinculados al abuso sexual infantil en entornos digitales se incrementaron un 47% en los \u00faltimos tres a\u00f1os. En este contexto, la condena de los Kiczka podr\u00eda sentar un precedente clave para la lucha contra estas redes delictivas.<\/p>\n<h3>Un proceso con cobertura medi\u00e1tica y expectativas de transparencia<\/h3>\n<p>El tribunal, presidido por el juez Gustavo Arnaldo Bernie y los vocales Viviana Cukla y C\u00e9sar Antonio Yaya, autoriz\u00f3 la cobertura medi\u00e1tica del juicio. La fiscal\u00eda, representada por Mart\u00edn Rau y Vladimir Glinka, buscar\u00e1 demostrar la responsabilidad de los acusados, mientras que la defensa, encabezada por Eduardo Paredes y Gonzalo de Paula, intentar\u00e1 evitar una condena ejemplar.<\/p>\n<p>Organizaciones de protecci\u00f3n a la infancia han manifestado su inter\u00e9s en el proceso. Mariana Sol\u00eds, coordinadora regional de la Red por la Infancia, afirm\u00f3: \u00abEs una oportunidad para visibilizar una problem\u00e1tica sistem\u00e1ticamente silenciada. Estos casos rara vez llegan a una instancia oral\u00bb.<\/p>\n<h3>Una sentencia que puede marcar un antes y un despu\u00e9s<\/h3>\n<p>El caso Kiczka podr\u00eda ser un punto de inflexi\u00f3n en la persecuci\u00f3n penal de los delitos de abuso infantil en Argentina. La combinaci\u00f3n de factores -el perfil p\u00fablico de los acusados, la gravedad de las pruebas y la cobertura medi\u00e1tica- lo convierte en un juicio hist\u00f3rico para Misiones y el pa\u00eds.<\/p>\n<p>La sociedad espera respuestas. Y la justicia tiene la oportunidad de dar una se\u00f1al clara: la impunidad ya no es una opci\u00f3n.<\/p>\n<h3><strong>L\u00ednea 102<\/strong><\/h3>\n<p><strong>Si necesitas ayuda o conoces a alguien que est\u00e9 expuesto a violencia, llam\u00e1 al 102. Es un servicio gratuito y confidencial para la protecci\u00f3n de los derechos de ni\u00f1as, ni\u00f1os y adolescentes. En caso de emergencia, comunicarse al 911.<\/strong><\/p>\n<p>&nbsp;<\/p>\n","protected":false},"excerpt":{"rendered":"<p>El 31 de marzo comenzar\u00e1 en Misiones un juicio que marcar\u00e1 un hito judicial: el proceso oral contra Germ\u00e1n y<\/p>\n","protected":false},"author":1,"featured_media":108191,"comment_status":"closed","ping_status":"closed","sticky":false,"template":"","format":"standard","meta":{"kia_subtitle":"El primer caso de tenencia y distribuci\u00f3n de Material de Abuso Sexual Infantil (MASI) que llega a juicio oral en Misiones genera gran expectativa. Se espera un debate con pruebas contundentes y una cobertura medi\u00e1tica sin precedentes.","footnotes":"","jetpack_publicize_message":"","jetpack_publicize_feature_enabled":true,"jetpack_social_post_already_shared":true,"jetpack_social_options":{"image_generator_settings":{"template":"highway","default_image_id":0,"font":"","enabled":false},"version":2}},"categories":[8],"tags":[],"class_list":["post-114350","post","type-post","status-publish","format-standard","has-post-thumbnail","hentry","category-policiales"],"jetpack_publicize_connections":[],"jetpack_featured_media_url":"https:\/\/laurbedigital.com.ar\/noticias\/wp-content\/uploads\/2024\/08\/20240827-kiczka.jpg","_links":{"self":[{"href":"https:\/\/laurbedigital.com.ar\/noticias\/wp-json\/wp\/v2\/posts\/114350","targetHints":{"allow":["GET"]}}],"collection":[{"href":"https:\/\/laurbedigital.com.ar\/noticias\/wp-json\/wp\/v2\/posts"}],"about":[{"href":"https:\/\/laurbedigital.com.ar\/noticias\/wp-json\/wp\/v2\/types\/post"}],"author":[{"embeddable":true,"href":"https:\/\/laurbedigital.com.ar\/noticias\/wp-json\/wp\/v2\/users\/1"}],"replies":[{"embeddable":true,"href":"https:\/\/laurbedigital.com.ar\/noticias\/wp-json\/wp\/v2\/comments?post=114350"}],"version-history":[{"count":1,"href":"https:\/\/laurbedigital.com.ar\/noticias\/wp-json\/wp\/v2\/posts\/114350\/revisions"}],"predecessor-version":[{"id":114351,"href":"https:\/\/laurbedigital.com.ar\/noticias\/wp-json\/wp\/v2\/posts\/114350\/revisions\/114351"}],"wp:featuredmedia":[{"embeddable":true,"href":"https:\/\/laurbedigital.com.ar\/noticias\/wp-json\/wp\/v2\/media\/108191"}],"wp:attachment":[{"href":"https:\/\/laurbedigital.com.ar\/noticias\/wp-json\/wp\/v2\/media?parent=114350"}],"wp:term":[{"taxonomy":"category","embeddable":true,"href":"https:\/\/laurbedigital.com.ar\/noticias\/wp-json\/wp\/v2\/categories?post=114350"},{"taxonomy":"post_tag","embeddable":true,"href":"https:\/\/laurbedigital.com.ar\/noticias\/wp-json\/wp\/v2\/tags?post=114350"}],"curies":[{"name":"wp","href":"https:\/\/api.w.org\/{rel}","templated":true}]}}