{"id":114322,"date":"2025-03-16T22:36:35","date_gmt":"2025-03-17T01:36:35","guid":{"rendered":"https:\/\/laurbedigital.com.ar\/noticias\/?p=114322"},"modified":"2025-03-16T22:36:35","modified_gmt":"2025-03-17T01:36:35","slug":"verde-cerveza-y-mitos-el-verdadero-origen-del-dia-de-san-patricio","status":"publish","type":"post","link":"https:\/\/laurbedigital.com.ar\/noticias\/2025\/03\/16\/verde-cerveza-y-mitos-el-verdadero-origen-del-dia-de-san-patricio\/","title":{"rendered":"Verde, cerveza y mitos: el verdadero origen del D\u00eda de San Patricio"},"content":{"rendered":"<p>Cada 17 de marzo, el mundo se ti\u00f1e de verde y se entrega a la celebraci\u00f3n del D\u00eda de San Patricio con desfiles, cerveza y todo tipo de parafernalia irlandesa. Pero, m\u00e1s all\u00e1 del marketing y la resaca del d\u00eda siguiente, la historia del santo y la festividad es mucho m\u00e1s compleja de lo que parece.<\/p>\n<p>La fecha conmemora la muerte de San Patricio, el misionero que llev\u00f3 el cristianismo a Irlanda en el siglo V. Nacido en Britania (actual Reino Unido), Patricio no era irland\u00e9s ni se llamaba as\u00ed. Fue capturado por piratas y vendido como esclavo en Irlanda, donde pas\u00f3 seis a\u00f1os antes de escapar. M\u00e1s tarde, regres\u00f3 como misionero y se convirti\u00f3 en el principal difusor del cristianismo en la isla. Su legado est\u00e1 plagado de leyendas: desde expulsar serpientes de Irlanda (aunque nunca hubo serpientes all\u00ed) hasta usar un tr\u00e9bol para explicar la Sant\u00edsima Trinidad.<\/p>\n<p>Irlanda lo vener\u00f3 por siglos, pero la festividad tal como la conocemos hoy no naci\u00f3 en Dubl\u00edn, sino en Estados Unidos. Los inmigrantes irlandeses del siglo XIX, marginados y discriminados, convirtieron el 17 de marzo en un s\u00edmbolo de orgullo \u00e9tnico. En 1762, Nueva York realiz\u00f3 el primer desfile de San Patricio, que luego se transform\u00f3 en una megacelebraci\u00f3n global. Con el tiempo, la festividad fue adoptada por la cultura pop y las grandes marcas, transformando su car\u00e1cter religioso en una excusa para vender m\u00e1s cerveza.<\/p>\n<p>Ir\u00f3nicamente, en Irlanda la celebraci\u00f3n fue m\u00e1s sobria durante mucho tiempo. Hasta la d\u00e9cada de 1970, los bares cerraban el 17 de marzo por ser una festividad religiosa. No fue hasta la llegada del turismo masivo que el pa\u00eds abraz\u00f3 el modelo de fiesta estadounidense y convirti\u00f3 Dubl\u00edn en uno de los epicentros mundiales de la celebraci\u00f3n.<\/p>\n<p>Hoy, el D\u00eda de San Patricio es un fen\u00f3meno global que va desde el r\u00edo Chicago ti\u00f1\u00e9ndose de verde hasta fiestas multitudinarias en Buenos Aires. Sin embargo, la realidad es que, como muchas festividades modernas, la esencia original se ha diluido en medio del consumismo y la comercializaci\u00f3n.<\/p>\n<p>Detr\u00e1s de los sombreros rid\u00edculos y los litros de cerveza verde, queda la historia de un hombre que jam\u00e1s imagin\u00f3 que su legado ser\u00eda transformado en una fiesta masiva. Lo que empez\u00f3 como una conmemoraci\u00f3n religiosa termin\u00f3 convertido en un evento global donde la tradici\u00f3n y el negocio van de la mano, impulsados por el turismo y la cultura popular.<\/p>\n","protected":false},"excerpt":{"rendered":"<p>Cada 17 de marzo, el mundo se ti\u00f1e de verde y se entrega a la celebraci\u00f3n del D\u00eda de San<\/p>\n","protected":false},"author":1,"featured_media":114323,"comment_status":"closed","ping_status":"closed","sticky":false,"template":"","format":"standard","meta":{"kia_subtitle":"La festividad que conquist\u00f3 el mundo tiene su historia y, como siempre, algunos mitos que vale la pena derribar.","footnotes":"","jetpack_publicize_message":"","jetpack_publicize_feature_enabled":true,"jetpack_social_post_already_shared":true,"jetpack_social_options":{"image_generator_settings":{"template":"highway","default_image_id":0,"font":"","enabled":false},"version":2}},"categories":[5,2594],"tags":[],"class_list":["post-114322","post","type-post","status-publish","format-standard","has-post-thumbnail","hentry","category-cultura","category-efemerides"],"jetpack_publicize_connections":[],"jetpack_featured_media_url":"https:\/\/laurbedigital.com.ar\/noticias\/wp-content\/uploads\/2025\/03\/20250317-San-Patricio.jpg","_links":{"self":[{"href":"https:\/\/laurbedigital.com.ar\/noticias\/wp-json\/wp\/v2\/posts\/114322","targetHints":{"allow":["GET"]}}],"collection":[{"href":"https:\/\/laurbedigital.com.ar\/noticias\/wp-json\/wp\/v2\/posts"}],"about":[{"href":"https:\/\/laurbedigital.com.ar\/noticias\/wp-json\/wp\/v2\/types\/post"}],"author":[{"embeddable":true,"href":"https:\/\/laurbedigital.com.ar\/noticias\/wp-json\/wp\/v2\/users\/1"}],"replies":[{"embeddable":true,"href":"https:\/\/laurbedigital.com.ar\/noticias\/wp-json\/wp\/v2\/comments?post=114322"}],"version-history":[{"count":2,"href":"https:\/\/laurbedigital.com.ar\/noticias\/wp-json\/wp\/v2\/posts\/114322\/revisions"}],"predecessor-version":[{"id":114325,"href":"https:\/\/laurbedigital.com.ar\/noticias\/wp-json\/wp\/v2\/posts\/114322\/revisions\/114325"}],"wp:featuredmedia":[{"embeddable":true,"href":"https:\/\/laurbedigital.com.ar\/noticias\/wp-json\/wp\/v2\/media\/114323"}],"wp:attachment":[{"href":"https:\/\/laurbedigital.com.ar\/noticias\/wp-json\/wp\/v2\/media?parent=114322"}],"wp:term":[{"taxonomy":"category","embeddable":true,"href":"https:\/\/laurbedigital.com.ar\/noticias\/wp-json\/wp\/v2\/categories?post=114322"},{"taxonomy":"post_tag","embeddable":true,"href":"https:\/\/laurbedigital.com.ar\/noticias\/wp-json\/wp\/v2\/tags?post=114322"}],"curies":[{"name":"wp","href":"https:\/\/api.w.org\/{rel}","templated":true}]}}