{"id":11430,"date":"2018-02-02T18:53:10","date_gmt":"2018-02-02T21:53:10","guid":{"rendered":"http:\/\/laurbedigital.com.ar\/noticias\/?p=11430"},"modified":"2018-02-02T18:53:10","modified_gmt":"2018-02-02T21:53:10","slug":"afip-inicio-la-ofensiva-depurar-monotributo","status":"publish","type":"post","link":"https:\/\/laurbedigital.com.ar\/noticias\/2018\/02\/02\/afip-inicio-la-ofensiva-depurar-monotributo\/","title":{"rendered":"AFIP inici\u00f3 la ofensiva para depurar el Monotributo"},"content":{"rendered":"<p>La Administraci\u00f3n Federal de Ingresos P\u00fablicos (AFIP) inform\u00f3 este jueves que recategoriz\u00f3 de oficio a 21500 monotributistas por facturar o vender con tarjeta de d\u00e9bito y cr\u00e9dito por arriba de los montos establecidos para su categor\u00eda, entre otros motivos.<\/p>\n<p>Los mismos ser\u00e1n notificados a trav\u00e9s del domicilio electr\u00f3nico (e-Ventanilla) y recibir\u00e1n un alerta en el correo electr\u00f3nico que tengan declarado ante la AFIP.<\/p>\n<p>Tambi\u00e9n podr\u00e1n chequear si han sido recategorizados en el portal monotributo.afip.gob.ar y la aplicaci\u00f3n m\u00f3vil (Mi Monotributo).<\/p>\n<p>Adem\u00e1s, el listado de monotributistas recategorizados de oficio se publicar\u00e1 el lunes 5 de febrero en el Bolet\u00edn Oficial, mientras que los excluidos podr\u00e1n ver la n\u00f3mina el martes 6.<\/p>\n<p>La autoridad fiscal nacional precis\u00f3 que, a partir de la fecha de notificaci\u00f3n, los contribuyentes podr\u00e1n optar por aceptar la medida o recurrir la recategorizaci\u00f3n dispuesta por la AFIP dentro de los siguientes 15 d\u00edas h\u00e1biles, tr\u00e1mite que deber\u00e1n realizar exclusivamente v\u00eda web.<\/p>\n<p>&nbsp;<\/p>\n","protected":false},"excerpt":{"rendered":"<p>La Administraci\u00f3n Federal de Ingresos P\u00fablicos (AFIP) inform\u00f3 este jueves que recategoriz\u00f3 de oficio a 21500 monotributistas por facturar o<\/p>\n","protected":false},"author":1,"featured_media":11431,"comment_status":"closed","ping_status":"closed","sticky":false,"template":"","format":"standard","meta":{"kia_subtitle":"","footnotes":"","jetpack_publicize_message":"","jetpack_publicize_feature_enabled":true,"jetpack_social_post_already_shared":true,"jetpack_social_options":{"image_generator_settings":{"template":"highway","default_image_id":0,"font":"","enabled":false},"version":2}},"categories":[3,41],"tags":[],"class_list":["post-11430","post","type-post","status-publish","format-standard","has-post-thumbnail","hentry","category-actualidad","category-nacionales"],"jetpack_publicize_connections":[],"jetpack_featured_media_url":"https:\/\/laurbedigital.com.ar\/noticias\/wp-content\/uploads\/2018\/02\/20180202-nac3.jpg","_links":{"self":[{"href":"https:\/\/laurbedigital.com.ar\/noticias\/wp-json\/wp\/v2\/posts\/11430","targetHints":{"allow":["GET"]}}],"collection":[{"href":"https:\/\/laurbedigital.com.ar\/noticias\/wp-json\/wp\/v2\/posts"}],"about":[{"href":"https:\/\/laurbedigital.com.ar\/noticias\/wp-json\/wp\/v2\/types\/post"}],"author":[{"embeddable":true,"href":"https:\/\/laurbedigital.com.ar\/noticias\/wp-json\/wp\/v2\/users\/1"}],"replies":[{"embeddable":true,"href":"https:\/\/laurbedigital.com.ar\/noticias\/wp-json\/wp\/v2\/comments?post=11430"}],"version-history":[{"count":1,"href":"https:\/\/laurbedigital.com.ar\/noticias\/wp-json\/wp\/v2\/posts\/11430\/revisions"}],"predecessor-version":[{"id":11432,"href":"https:\/\/laurbedigital.com.ar\/noticias\/wp-json\/wp\/v2\/posts\/11430\/revisions\/11432"}],"wp:featuredmedia":[{"embeddable":true,"href":"https:\/\/laurbedigital.com.ar\/noticias\/wp-json\/wp\/v2\/media\/11431"}],"wp:attachment":[{"href":"https:\/\/laurbedigital.com.ar\/noticias\/wp-json\/wp\/v2\/media?parent=11430"}],"wp:term":[{"taxonomy":"category","embeddable":true,"href":"https:\/\/laurbedigital.com.ar\/noticias\/wp-json\/wp\/v2\/categories?post=11430"},{"taxonomy":"post_tag","embeddable":true,"href":"https:\/\/laurbedigital.com.ar\/noticias\/wp-json\/wp\/v2\/tags?post=11430"}],"curies":[{"name":"wp","href":"https:\/\/api.w.org\/{rel}","templated":true}]}}