{"id":114279,"date":"2025-03-15T02:57:47","date_gmt":"2025-03-15T05:57:47","guid":{"rendered":"https:\/\/laurbedigital.com.ar\/noticias\/?p=114279"},"modified":"2025-03-15T02:57:47","modified_gmt":"2025-03-15T05:57:47","slug":"el-legado-imperecedero-de-mafalda-la-voz-de-una-generacion-2","status":"publish","type":"post","link":"https:\/\/laurbedigital.com.ar\/noticias\/2025\/03\/15\/el-legado-imperecedero-de-mafalda-la-voz-de-una-generacion-2\/","title":{"rendered":"El legado imperecedero de Mafalda: La voz de una generaci\u00f3n"},"content":{"rendered":"<p>En un a\u00f1o tumultuoso como 1962, marcado por cambios sociopol\u00edticos y culturales, naci\u00f3 una peque\u00f1a ni\u00f1a de grandes convicciones: Mafalda. Creada por el genio detr\u00e1s de la pluma, Quino, esta historieta se convirti\u00f3 r\u00e1pidamente en un reflejo agudo de la sociedad de su tiempo y en una voz cr\u00edtica que desafi\u00f3 el status quo.<\/p>\n<h4><strong>El despertar de una voz disruptiva<\/strong><\/h4>\n<p>Desde sus primeras apariciones en el semanario Primera Plana en 1964, Mafalda captur\u00f3 la atenci\u00f3n de lectores \u00e1vidos de reflexi\u00f3n y humor inteligente. Al a\u00f1o siguiente, su presencia se ampli\u00f3 con la publicaci\u00f3n en el diario El Mundo, consolid\u00e1ndose como un fen\u00f3meno cultural en ascenso. La demanda fue tal que, en 1966, la primera edici\u00f3n de su recopilaci\u00f3n en libro se agot\u00f3 en tan solo dos d\u00edas, un hito que solo anticipaba el impacto que tendr\u00eda en las d\u00e9cadas venideras.<\/p>\n<h4><strong>Un fen\u00f3meno global<\/strong><\/h4>\n<p>El alcance de Mafalda no se limit\u00f3 a las fronteras argentinas. En 1968, Italia sucumbi\u00f3 ante su encanto, abriendo las puertas a una audiencia internacional \u00e1vida de su particular visi\u00f3n del mundo. El reconocido semi\u00f3logo y escritor Umberto Eco no pas\u00f3 por alto su importancia, presentando la edici\u00f3n italiana de \u00abMafalda la contestataria\u00bb un a\u00f1o despu\u00e9s, elevando su estatus a nivel acad\u00e9mico y literario.<\/p>\n<h4><strong>El salto a la pantalla<\/strong><\/h4>\n<p>Pero el legado de Mafalda no se limit\u00f3 a las p\u00e1ginas impresas. En 1971, la historieta dio un salto trascendental al mundo audiovisual, convirti\u00e9ndose en una serie animada que llev\u00f3 sus mensajes a cada rinc\u00f3n del planeta. Con esto, el impacto cultural de Mafalda se multiplic\u00f3, llegando a audiencias de todas las edades y culturas, consolid\u00e1ndose como un \u00edcono generacional.<\/p>\n<h4><strong>La eterna vigencia de la rebeld\u00eda y la conciencia social<\/strong><\/h4>\n<p>A lo largo de los a\u00f1os, Mafalda ha trascendido su \u00e9poca original, convirti\u00e9ndose en un s\u00edmbolo atemporal de rebeld\u00eda, humor y conciencia social. Su legado perdura en cada p\u00e1gina de sus historietas, record\u00e1ndonos la importancia de cuestionar el mundo que nos rodea y buscar un cambio positivo en la sociedad.<\/p>\n","protected":false},"excerpt":{"rendered":"<p>En un a\u00f1o tumultuoso como 1962, marcado por cambios sociopol\u00edticos y culturales, naci\u00f3 una peque\u00f1a ni\u00f1a de grandes convicciones: Mafalda.<\/p>\n","protected":false},"author":1,"featured_media":72310,"comment_status":"closed","ping_status":"closed","sticky":false,"template":"","format":"standard","meta":{"kia_subtitle":"Desde su nacimiento en 1962, Mafalda ha sido mucho m\u00e1s que una simple historieta. Su impacto trascendi\u00f3 fronteras y generaciones, convirti\u00e9ndola en un \u00edcono cultural y social que sigue resonando en la actualidad.","footnotes":"","jetpack_publicize_message":"","jetpack_publicize_feature_enabled":true,"jetpack_social_post_already_shared":true,"jetpack_social_options":{"image_generator_settings":{"template":"highway","default_image_id":0,"font":"","enabled":false},"version":2}},"categories":[5,2594],"tags":[],"class_list":["post-114279","post","type-post","status-publish","format-standard","has-post-thumbnail","hentry","category-cultura","category-efemerides"],"jetpack_publicize_connections":[],"jetpack_featured_media_url":"https:\/\/laurbedigital.com.ar\/noticias\/wp-content\/uploads\/2022\/03\/20220314-Mafalda.jpg","_links":{"self":[{"href":"https:\/\/laurbedigital.com.ar\/noticias\/wp-json\/wp\/v2\/posts\/114279","targetHints":{"allow":["GET"]}}],"collection":[{"href":"https:\/\/laurbedigital.com.ar\/noticias\/wp-json\/wp\/v2\/posts"}],"about":[{"href":"https:\/\/laurbedigital.com.ar\/noticias\/wp-json\/wp\/v2\/types\/post"}],"author":[{"embeddable":true,"href":"https:\/\/laurbedigital.com.ar\/noticias\/wp-json\/wp\/v2\/users\/1"}],"replies":[{"embeddable":true,"href":"https:\/\/laurbedigital.com.ar\/noticias\/wp-json\/wp\/v2\/comments?post=114279"}],"version-history":[{"count":1,"href":"https:\/\/laurbedigital.com.ar\/noticias\/wp-json\/wp\/v2\/posts\/114279\/revisions"}],"predecessor-version":[{"id":114280,"href":"https:\/\/laurbedigital.com.ar\/noticias\/wp-json\/wp\/v2\/posts\/114279\/revisions\/114280"}],"wp:featuredmedia":[{"embeddable":true,"href":"https:\/\/laurbedigital.com.ar\/noticias\/wp-json\/wp\/v2\/media\/72310"}],"wp:attachment":[{"href":"https:\/\/laurbedigital.com.ar\/noticias\/wp-json\/wp\/v2\/media?parent=114279"}],"wp:term":[{"taxonomy":"category","embeddable":true,"href":"https:\/\/laurbedigital.com.ar\/noticias\/wp-json\/wp\/v2\/categories?post=114279"},{"taxonomy":"post_tag","embeddable":true,"href":"https:\/\/laurbedigital.com.ar\/noticias\/wp-json\/wp\/v2\/tags?post=114279"}],"curies":[{"name":"wp","href":"https:\/\/api.w.org\/{rel}","templated":true}]}}