{"id":114227,"date":"2025-03-13T03:18:35","date_gmt":"2025-03-13T06:18:35","guid":{"rendered":"https:\/\/laurbedigital.com.ar\/noticias\/?p=114227"},"modified":"2025-03-13T03:18:35","modified_gmt":"2025-03-13T06:18:35","slug":"a-12-anos-de-ser-elegido-francisco-y-su-impacto-en-el-vaticano","status":"publish","type":"post","link":"https:\/\/laurbedigital.com.ar\/noticias\/2025\/03\/13\/a-12-anos-de-ser-elegido-francisco-y-su-impacto-en-el-vaticano\/","title":{"rendered":"A 12 a\u00f1os de ser elegido, Francisco y su impacto en el Vaticano"},"content":{"rendered":"<p><strong>Un c\u00f3nclave inesperado<\/strong><\/p>\n<p>El mundo segu\u00eda con atenci\u00f3n el c\u00f3nclave que deb\u00eda elegir al sucesor de Benedicto XVI, quien hab\u00eda renunciado semanas antes, una decisi\u00f3n ins\u00f3lita en la historia reciente de la Iglesia. Cuando la fumata blanca apareci\u00f3 en el cielo de la Plaza de San Pedro, pocos imaginaban que el elegido ser\u00eda un jesuita argentino, el primero de su orden en llegar al papado.<\/p>\n<p>Bergoglio, de perfil austero y conocido por su cercan\u00eda con los sectores m\u00e1s humildes, escogi\u00f3 el nombre de Francisco en honor a San Francisco de As\u00eds, un gesto que dejaba en claro su visi\u00f3n de una Iglesia m\u00e1s sencilla y cercana a los pobres. Su primera aparici\u00f3n en el balc\u00f3n de la Bas\u00edlica de San Pedro, con un simple \u00abbuenas noches\u00bb y una inclinaci\u00f3n para recibir la bendici\u00f3n de los fieles, marc\u00f3 el inicio de un pontificado diferente.<\/p>\n<p><strong>Un pontificado de reformas y pol\u00e9micas<\/strong><\/p>\n<p>Desde su asunci\u00f3n, Francisco ha impulsado cambios dentro de la Iglesia, enfrentando resistencias internas y externas. Promovi\u00f3 una mayor apertura hacia los sectores marginados, critic\u00f3 el capitalismo salvaje y denunci\u00f3 los abusos dentro de la instituci\u00f3n. Tambi\u00e9n tom\u00f3 medidas contra la corrupci\u00f3n en el Vaticano y busc\u00f3 modernizar la estructura eclesi\u00e1stica, generando adhesiones y rechazos en igual medida.<\/p>\n<p>En Am\u00e9rica Latina, su liderazgo ha sido recibido con orgullo, pero tambi\u00e9n con cr\u00edticas. Su postura sobre temas como la pobreza, el medioambiente y la justicia social ha incomodado a sectores conservadores y ha sido interpretada por algunos como una posici\u00f3n pol\u00edtica.<\/p>\n<p><strong>El Papa que sigue sorprendiendo<\/strong><\/p>\n<p>A m\u00e1s de una d\u00e9cada de su elecci\u00f3n, Francisco sigue siendo una figura que genera impacto global. Su liderazgo trasciende lo religioso y lo ubica como un referente en debates sociales y pol\u00edticos. Desde su postura sobre migraci\u00f3n hasta su llamado a la paz en conflictos internacionales, el Papa argentino se ha convertido en una voz influyente en un mundo en constante transformaci\u00f3n.<\/p>\n<p>El \u201cPapa del fin del mundo\u201d lleg\u00f3 al Vaticano para cambiar las reglas del juego. Y, guste o no, sigue haci\u00e9ndolo.<\/p>\n<p>&nbsp;<\/p>\n","protected":false},"excerpt":{"rendered":"<p>Un c\u00f3nclave inesperado El mundo segu\u00eda con atenci\u00f3n el c\u00f3nclave que deb\u00eda elegir al sucesor de Benedicto XVI, quien hab\u00eda<\/p>\n","protected":false},"author":1,"featured_media":72186,"comment_status":"closed","ping_status":"closed","sticky":false,"template":"","format":"standard","meta":{"kia_subtitle":"El 13 de marzo de 2013, la Iglesia Cat\u00f3lica dio un giro hist\u00f3rico: por primera vez, un latinoamericano asumi\u00f3 como Sumo Pont\u00edfice. Jorge Mario Bergoglio, hasta entonces arzobispo de Buenos Aires, se convirti\u00f3 en el Papa Francisco, rompiendo con siglos de tradici\u00f3n europea en el Vaticano.","footnotes":"","jetpack_publicize_message":"","jetpack_publicize_feature_enabled":true,"jetpack_social_post_already_shared":true,"jetpack_social_options":{"image_generator_settings":{"template":"highway","default_image_id":0,"font":"","enabled":false},"version":2}},"categories":[5,2594],"tags":[],"class_list":["post-114227","post","type-post","status-publish","format-standard","has-post-thumbnail","hentry","category-cultura","category-efemerides"],"jetpack_publicize_connections":[],"jetpack_featured_media_url":"https:\/\/laurbedigital.com.ar\/noticias\/wp-content\/uploads\/2022\/03\/20220313-Papa-Francisco.jpg","_links":{"self":[{"href":"https:\/\/laurbedigital.com.ar\/noticias\/wp-json\/wp\/v2\/posts\/114227","targetHints":{"allow":["GET"]}}],"collection":[{"href":"https:\/\/laurbedigital.com.ar\/noticias\/wp-json\/wp\/v2\/posts"}],"about":[{"href":"https:\/\/laurbedigital.com.ar\/noticias\/wp-json\/wp\/v2\/types\/post"}],"author":[{"embeddable":true,"href":"https:\/\/laurbedigital.com.ar\/noticias\/wp-json\/wp\/v2\/users\/1"}],"replies":[{"embeddable":true,"href":"https:\/\/laurbedigital.com.ar\/noticias\/wp-json\/wp\/v2\/comments?post=114227"}],"version-history":[{"count":1,"href":"https:\/\/laurbedigital.com.ar\/noticias\/wp-json\/wp\/v2\/posts\/114227\/revisions"}],"predecessor-version":[{"id":114228,"href":"https:\/\/laurbedigital.com.ar\/noticias\/wp-json\/wp\/v2\/posts\/114227\/revisions\/114228"}],"wp:featuredmedia":[{"embeddable":true,"href":"https:\/\/laurbedigital.com.ar\/noticias\/wp-json\/wp\/v2\/media\/72186"}],"wp:attachment":[{"href":"https:\/\/laurbedigital.com.ar\/noticias\/wp-json\/wp\/v2\/media?parent=114227"}],"wp:term":[{"taxonomy":"category","embeddable":true,"href":"https:\/\/laurbedigital.com.ar\/noticias\/wp-json\/wp\/v2\/categories?post=114227"},{"taxonomy":"post_tag","embeddable":true,"href":"https:\/\/laurbedigital.com.ar\/noticias\/wp-json\/wp\/v2\/tags?post=114227"}],"curies":[{"name":"wp","href":"https:\/\/api.w.org\/{rel}","templated":true}]}}