{"id":11421,"date":"2018-02-02T10:20:11","date_gmt":"2018-02-02T13:20:11","guid":{"rendered":"http:\/\/laurbedigital.com.ar\/noticias\/?p=11421"},"modified":"2018-02-02T10:02:57","modified_gmt":"2018-02-02T13:02:57","slug":"bancarios-anunciaron-tres-dias-paro-nacional-los-dias-9-19-20-febrero","status":"publish","type":"post","link":"https:\/\/laurbedigital.com.ar\/noticias\/2018\/02\/02\/bancarios-anunciaron-tres-dias-paro-nacional-los-dias-9-19-20-febrero\/","title":{"rendered":"Bancarios anunciaron tres d\u00edas de paro nacional para los d\u00edas 9, 19 y 20 de febrero"},"content":{"rendered":"<p>La medida -que afectar\u00e1 tanto a bancos p\u00fablicos como privados- se decidi\u00f3 en rechazo a la paritaria del sector.<\/p>\n<p>La Asociaci\u00f3n Bancaria decidi\u00f3 este jueves convocar a un paro para los d\u00edas 9, 19 y 20 de este mes, en todo el pa\u00eds, en rechazo al aumento salarial del 9% para este a\u00f1o que ofrecieron las c\u00e1maras empresarias del sector.<\/p>\n<p>\u00abEl viernes 9\/2 paro Nacional bancario!!! Insisten con el 9&#8230; paramos el 9!!!\u00bb, escribi\u00f3 el secretario general del gremio, Sergio Palazzo, en su perfil de Twitter.<\/p>\n<p>La medida afectar\u00e1 a bancos p\u00fablicos y privados ya que fue decidida durante un plenario de secretarios generales de La Bancaria en respuesta a la paritaria \u00ababsolutamente trabada\u00bb que se mantiene en el Ministerio de Trabajo.<\/p>\n<p>\u00abEl poder financiero siempre quiso perjudicar a los trabajadores bancarios en sus derechos y salarios. Hoy tienen una sociedad perfecta con el Estado para establecer una lucha muy desigual\u00bb, expres\u00f3 Palazzo a El Cronista.<\/p>\n<p>El secretario general del gremio explic\u00f3 que \u00aben materia salarial, sin gatillo hay que discutir sobre la inflaci\u00f3n del a\u00f1o pasado, y con gatillo nuestras estimaciones superan el 20%\u00bb.<\/p>\n<p>&nbsp;<\/p>\n","protected":false},"excerpt":{"rendered":"<p>La medida -que afectar\u00e1 tanto a bancos p\u00fablicos como privados- se decidi\u00f3 en rechazo a la paritaria del sector. La<\/p>\n","protected":false},"author":1,"featured_media":11422,"comment_status":"closed","ping_status":"closed","sticky":false,"template":"","format":"standard","meta":{"kia_subtitle":"","footnotes":"","jetpack_publicize_message":"","jetpack_publicize_feature_enabled":true,"jetpack_social_post_already_shared":true,"jetpack_social_options":{"image_generator_settings":{"template":"highway","default_image_id":0,"font":"","enabled":false},"version":2}},"categories":[3,41],"tags":[225],"class_list":["post-11421","post","type-post","status-publish","format-standard","has-post-thumbnail","hentry","category-actualidad","category-nacionales","tag-paro-bancario-nacional"],"jetpack_publicize_connections":[],"jetpack_featured_media_url":"https:\/\/laurbedigital.com.ar\/noticias\/wp-content\/uploads\/2018\/02\/20180202-nac1.jpg","_links":{"self":[{"href":"https:\/\/laurbedigital.com.ar\/noticias\/wp-json\/wp\/v2\/posts\/11421","targetHints":{"allow":["GET"]}}],"collection":[{"href":"https:\/\/laurbedigital.com.ar\/noticias\/wp-json\/wp\/v2\/posts"}],"about":[{"href":"https:\/\/laurbedigital.com.ar\/noticias\/wp-json\/wp\/v2\/types\/post"}],"author":[{"embeddable":true,"href":"https:\/\/laurbedigital.com.ar\/noticias\/wp-json\/wp\/v2\/users\/1"}],"replies":[{"embeddable":true,"href":"https:\/\/laurbedigital.com.ar\/noticias\/wp-json\/wp\/v2\/comments?post=11421"}],"version-history":[{"count":1,"href":"https:\/\/laurbedigital.com.ar\/noticias\/wp-json\/wp\/v2\/posts\/11421\/revisions"}],"predecessor-version":[{"id":11423,"href":"https:\/\/laurbedigital.com.ar\/noticias\/wp-json\/wp\/v2\/posts\/11421\/revisions\/11423"}],"wp:featuredmedia":[{"embeddable":true,"href":"https:\/\/laurbedigital.com.ar\/noticias\/wp-json\/wp\/v2\/media\/11422"}],"wp:attachment":[{"href":"https:\/\/laurbedigital.com.ar\/noticias\/wp-json\/wp\/v2\/media?parent=11421"}],"wp:term":[{"taxonomy":"category","embeddable":true,"href":"https:\/\/laurbedigital.com.ar\/noticias\/wp-json\/wp\/v2\/categories?post=11421"},{"taxonomy":"post_tag","embeddable":true,"href":"https:\/\/laurbedigital.com.ar\/noticias\/wp-json\/wp\/v2\/tags?post=11421"}],"curies":[{"name":"wp","href":"https:\/\/api.w.org\/{rel}","templated":true}]}}