{"id":114094,"date":"2025-03-09T03:48:16","date_gmt":"2025-03-09T06:48:16","guid":{"rendered":"https:\/\/laurbedigital.com.ar\/noticias\/?p=114094"},"modified":"2025-03-09T03:48:16","modified_gmt":"2025-03-09T06:48:16","slug":"dia-mundial-de-la-tortilla-de-papas-un-homenaje-a-un-plato-simple-y-universal-2","status":"publish","type":"post","link":"https:\/\/laurbedigital.com.ar\/noticias\/2025\/03\/09\/dia-mundial-de-la-tortilla-de-papas-un-homenaje-a-un-plato-simple-y-universal-2\/","title":{"rendered":"D\u00eda Mundial de la Tortilla de Papas: Un homenaje a un plato simple y universal"},"content":{"rendered":"<p data-sourcepos=\"7:1-7:396\">Olor a cebolla frita, papas doradas y huevo batido. La simpleza de la tortilla de papas esconde una complejidad de sabores y texturas que la convierten en un plato universal, presente en las mesas de Espa\u00f1a, Argentina y muchos otros pa\u00edses. Cada 9 de marzo, se celebra el D\u00eda Mundial de la Tortilla de Papas, un homenaje a esta receta tan simple como deliciosa.<\/p>\n<h4 data-sourcepos=\"9:1-9:41\"><strong>Origen incierto, pero con mucha papa<\/strong><\/h4>\n<p data-sourcepos=\"11:1-11:361\">El origen exacto del D\u00eda Mundial de la Tortilla de Papas no est\u00e1 del todo claro. Hay quienes dicen que se festeja desde 1937, en honor a las tortillas que se preparaban para las tropas espa\u00f1olas durante la Guerra Civil. Otros ubican su nacimiento en un concurso gastron\u00f3mico espa\u00f1ol de 1963. Pero lo importante, che, es que hay un d\u00eda para celebrar este manjar.<\/p>\n<h4 data-sourcepos=\"13:1-13:32\"><strong>Una historia con mucha papa<\/strong><\/h4>\n<p data-sourcepos=\"15:1-15:251\">La tortilla de papas tiene una historia que se remonta a la \u00e9poca de los romanos. Se cree que la receta original era solo huevos y papas fritas, sin cebolla. Con el tiempo, la fueron aggiornando y la cebolla se volvi\u00f3 un ingrediente clave. \u00a1Menos mal!<\/p>\n<h4 data-sourcepos=\"17:1-17:30\"><strong>M\u00e1s all\u00e1 de las fronteras<\/strong><\/h4>\n<p data-sourcepos=\"19:1-19:323\">La tortilla de papas es un plato popular en muchos rincones del mundo, pero es en Espa\u00f1a y Argentina donde adquiere un estatus especial. En Espa\u00f1a, la tortilla est\u00e1 en todos lados: bares, restaurantes y hogares. Ac\u00e1, en la tierra del dulce de leche, es un infaltable en las picadas y un cl\u00e1sico de las reuniones familiares.<\/p>\n<h4 data-sourcepos=\"21:1-21:46\"><strong>M\u00e1s que un plato, un pedacito de historia<\/strong><\/h4>\n<p data-sourcepos=\"23:1-23:268\">La tortilla de papas no es solo rica, es un s\u00edmbolo de cultura e identidad. Es una receta que se pasa de generaci\u00f3n en generaci\u00f3n, guardando en cada bocado un sabor a hogar y tradici\u00f3n. \u00a1Cu\u00e1ntas an\u00e9cdotas habr\u00e1n nacido alrededor de una buena tortilla de mam\u00e1 o abuela!<\/p>\n<h4 data-sourcepos=\"25:1-25:37\"><strong>Un d\u00eda para celebrar a lo grande<\/strong><\/h4>\n<p data-sourcepos=\"27:1-27:327\">El D\u00eda Mundial de la Tortilla de Papas es una excusa perfecta para homenajear a este plato tan especial. Animate a experimentar con diferentes ingredientes, cebolla caramelizada, morr\u00f3n asadito, \u00a1lo que se te ocurra! Compart\u00ed tu receta favorita con amigos y familiares, y disfrut\u00e1 de este sabor que une culturas y generaciones.<\/p>\n<p data-sourcepos=\"31:1-31:244\">En este D\u00eda Mundial de la Tortilla de Papas, te invitamos a rendirle tributo a este plato tan argento. Agarr\u00e1 la sart\u00e9n, experiment\u00e1, compart\u00ed y sobre todo, \u00a1disfrut\u00e1! Que la tortilla sea un motivo de uni\u00f3n, alegr\u00eda y mucho, pero mucho, manjar.<\/p>\n<p data-sourcepos=\"35:1-35:153\">\u00abLa tortilla de papas es un plato simple, pero no por eso menos importante. Es un s\u00edmbolo de nuestra cultura, de nuestra identidad y de nuestra memoria.<\/p>\n<p data-sourcepos=\"37:1-37:226\">En este D\u00eda Mundial de la Tortilla de Papas, invito a todos a celebrar este plato tan especial y a compartirlo con sus seres queridos. Que la tortilla sea un motivo de uni\u00f3n, de alegr\u00eda y de mucho, pero mucho, manjar argento.\u00bb<\/p>\n","protected":false},"excerpt":{"rendered":"<p>Olor a cebolla frita, papas doradas y huevo batido. La simpleza de la tortilla de papas esconde una complejidad de<\/p>\n","protected":false},"author":1,"featured_media":102820,"comment_status":"closed","ping_status":"closed","sticky":false,"template":"","format":"standard","meta":{"kia_subtitle":"Cada 9 de marzo se celebra el D\u00eda Mundial de la Tortilla de Papas, un invento que conquista paladares argentinos y del mundo. \u00a1A festejar con una buena porci\u00f3n!","footnotes":"","jetpack_publicize_message":"","jetpack_publicize_feature_enabled":true,"jetpack_social_post_already_shared":true,"jetpack_social_options":{"image_generator_settings":{"template":"highway","default_image_id":0,"font":"","enabled":false},"version":2}},"categories":[5,2594],"tags":[],"class_list":["post-114094","post","type-post","status-publish","format-standard","has-post-thumbnail","hentry","category-cultura","category-efemerides"],"jetpack_publicize_connections":[],"jetpack_featured_media_url":"https:\/\/laurbedigital.com.ar\/noticias\/wp-content\/uploads\/2024\/03\/202400309-Papas.jpg","_links":{"self":[{"href":"https:\/\/laurbedigital.com.ar\/noticias\/wp-json\/wp\/v2\/posts\/114094","targetHints":{"allow":["GET"]}}],"collection":[{"href":"https:\/\/laurbedigital.com.ar\/noticias\/wp-json\/wp\/v2\/posts"}],"about":[{"href":"https:\/\/laurbedigital.com.ar\/noticias\/wp-json\/wp\/v2\/types\/post"}],"author":[{"embeddable":true,"href":"https:\/\/laurbedigital.com.ar\/noticias\/wp-json\/wp\/v2\/users\/1"}],"replies":[{"embeddable":true,"href":"https:\/\/laurbedigital.com.ar\/noticias\/wp-json\/wp\/v2\/comments?post=114094"}],"version-history":[{"count":1,"href":"https:\/\/laurbedigital.com.ar\/noticias\/wp-json\/wp\/v2\/posts\/114094\/revisions"}],"predecessor-version":[{"id":114095,"href":"https:\/\/laurbedigital.com.ar\/noticias\/wp-json\/wp\/v2\/posts\/114094\/revisions\/114095"}],"wp:featuredmedia":[{"embeddable":true,"href":"https:\/\/laurbedigital.com.ar\/noticias\/wp-json\/wp\/v2\/media\/102820"}],"wp:attachment":[{"href":"https:\/\/laurbedigital.com.ar\/noticias\/wp-json\/wp\/v2\/media?parent=114094"}],"wp:term":[{"taxonomy":"category","embeddable":true,"href":"https:\/\/laurbedigital.com.ar\/noticias\/wp-json\/wp\/v2\/categories?post=114094"},{"taxonomy":"post_tag","embeddable":true,"href":"https:\/\/laurbedigital.com.ar\/noticias\/wp-json\/wp\/v2\/tags?post=114094"}],"curies":[{"name":"wp","href":"https:\/\/api.w.org\/{rel}","templated":true}]}}