{"id":113970,"date":"2025-03-03T22:57:37","date_gmt":"2025-03-04T01:57:37","guid":{"rendered":"https:\/\/laurbedigital.com.ar\/noticias\/?p=113970"},"modified":"2025-03-03T22:57:37","modified_gmt":"2025-03-04T01:57:37","slug":"duro-impacto-se-destruyeron-mas-de-12-600-empresas-y-243-000-empleos-en-el-primer-ano-de-milei","status":"publish","type":"post","link":"https:\/\/laurbedigital.com.ar\/noticias\/2025\/03\/03\/duro-impacto-se-destruyeron-mas-de-12-600-empresas-y-243-000-empleos-en-el-primer-ano-de-milei\/","title":{"rendered":"Duro impacto: se destruyeron m\u00e1s de 12.600 empresas y 243.000 empleos en el primer a\u00f1o de Milei"},"content":{"rendered":"<p>Desde la asunci\u00f3n de Javier Milei, Argentina ha experimentado un marcado deterioro en su entramado productivo. La combinaci\u00f3n de pol\u00edticas de ajuste y una recesi\u00f3n persistente llevaron a la desaparici\u00f3n de 12.638 empleadores entre noviembre de 2023 y noviembre de 2024. Seg\u00fan el Centro de Econom\u00eda Pol\u00edtica Argentina (Cepa), las m\u00e1s perjudicadas fueron las empresas de hasta 500 trabajadores, y los sectores m\u00e1s golpeados incluyen transporte, comercio y construcci\u00f3n.<\/p>\n<p>La crisis se evidenci\u00f3 en la ca\u00edda de empresas activas, que pasaron de 512.357 a 499.719 en apenas un a\u00f1o. La leve recuperaci\u00f3n observada entre agosto y septiembre de 2024 fue interrumpida en octubre, cuando la tendencia a la baja se profundiz\u00f3 con la desaparici\u00f3n de 707 empresas en apenas dos meses.<\/p>\n<p>Los sectores m\u00e1s afectados incluyen transporte y almacenamiento, con una p\u00e9rdida de 2.564 empresas, seguido por comercio y reparaci\u00f3n de veh\u00edculos (-2.262), construcci\u00f3n (-1.515) y servicios profesionales (-1.449). En t\u00e9rminos porcentuales, la construcci\u00f3n encabeza la ca\u00edda con un 7% menos de empleadores, seguida por transporte y almacenamiento (-6,5%) y el sector cultural y deportivo (-6,2%).<\/p>\n<p>El impacto de la crisis tambi\u00e9n se tradujo en la p\u00e9rdida de 242.896 empleos registrados, lo que representa una ca\u00edda del 2,46% en la ocupaci\u00f3n formal. La administraci\u00f3n p\u00fablica lider\u00f3 la p\u00e9rdida de puestos de trabajo con 99.612 despidos, seguida por la construcci\u00f3n (-78.506), transporte y almacenamiento (-55.321) y la industria manufacturera (-30.657). La construcci\u00f3n, nuevamente, sufri\u00f3 el golpe m\u00e1s severo, con una reducci\u00f3n del 16,4% en su plantilla.<\/p>\n<p>El tama\u00f1o de las empresas determin\u00f3 la magnitud del impacto: las compa\u00f1\u00edas de hasta 500 trabajadores representaron el 99,6% de las empresas cerradas, mientras que las de m\u00e1s de 500 empleados apenas el 0,4%. Sin embargo, la mayor parte de la p\u00e9rdida de empleo se concentr\u00f3 en las grandes firmas, que explican el 72,3% de los despidos.<\/p>\n<p>El informe de Cepa ilustra c\u00f3mo la pol\u00edtica econ\u00f3mica implementada en el \u00faltimo a\u00f1o impact\u00f3 negativamente en la estructura productiva y laboral del pa\u00eds. Con la econom\u00eda en recesi\u00f3n y sin signos de reactivaci\u00f3n inmediata, la incertidumbre persiste sobre el futuro del empleo y la sustentabilidad de las empresas en Argentina.<\/p>\n","protected":false},"excerpt":{"rendered":"<p>Desde la asunci\u00f3n de Javier Milei, Argentina ha experimentado un marcado deterioro en su entramado productivo. La combinaci\u00f3n de pol\u00edticas<\/p>\n","protected":false},"author":1,"featured_media":105065,"comment_status":"closed","ping_status":"closed","sticky":false,"template":"","format":"standard","meta":{"kia_subtitle":"La recesi\u00f3n econ\u00f3mica marc\u00f3 el primer a\u00f1o de gesti\u00f3n de Javier Milei, con la desaparici\u00f3n de m\u00e1s de 12.600 empresas y la p\u00e9rdida de casi un cuarto de mill\u00f3n de empleos registrados. Un informe de Cepa revela el impacto del ajuste en el sector productivo.","footnotes":"","jetpack_publicize_message":"","jetpack_publicize_feature_enabled":true,"jetpack_social_post_already_shared":true,"jetpack_social_options":{"image_generator_settings":{"template":"highway","default_image_id":0,"font":"","enabled":false},"version":2}},"categories":[3,41],"tags":[],"class_list":["post-113970","post","type-post","status-publish","format-standard","has-post-thumbnail","hentry","category-actualidad","category-nacionales"],"jetpack_publicize_connections":[],"jetpack_featured_media_url":"https:\/\/laurbedigital.com.ar\/noticias\/wp-content\/uploads\/2024\/05\/20240520-Empleo.jpg","_links":{"self":[{"href":"https:\/\/laurbedigital.com.ar\/noticias\/wp-json\/wp\/v2\/posts\/113970","targetHints":{"allow":["GET"]}}],"collection":[{"href":"https:\/\/laurbedigital.com.ar\/noticias\/wp-json\/wp\/v2\/posts"}],"about":[{"href":"https:\/\/laurbedigital.com.ar\/noticias\/wp-json\/wp\/v2\/types\/post"}],"author":[{"embeddable":true,"href":"https:\/\/laurbedigital.com.ar\/noticias\/wp-json\/wp\/v2\/users\/1"}],"replies":[{"embeddable":true,"href":"https:\/\/laurbedigital.com.ar\/noticias\/wp-json\/wp\/v2\/comments?post=113970"}],"version-history":[{"count":1,"href":"https:\/\/laurbedigital.com.ar\/noticias\/wp-json\/wp\/v2\/posts\/113970\/revisions"}],"predecessor-version":[{"id":113971,"href":"https:\/\/laurbedigital.com.ar\/noticias\/wp-json\/wp\/v2\/posts\/113970\/revisions\/113971"}],"wp:featuredmedia":[{"embeddable":true,"href":"https:\/\/laurbedigital.com.ar\/noticias\/wp-json\/wp\/v2\/media\/105065"}],"wp:attachment":[{"href":"https:\/\/laurbedigital.com.ar\/noticias\/wp-json\/wp\/v2\/media?parent=113970"}],"wp:term":[{"taxonomy":"category","embeddable":true,"href":"https:\/\/laurbedigital.com.ar\/noticias\/wp-json\/wp\/v2\/categories?post=113970"},{"taxonomy":"post_tag","embeddable":true,"href":"https:\/\/laurbedigital.com.ar\/noticias\/wp-json\/wp\/v2\/tags?post=113970"}],"curies":[{"name":"wp","href":"https:\/\/api.w.org\/{rel}","templated":true}]}}