{"id":113963,"date":"2025-03-03T21:03:49","date_gmt":"2025-03-04T00:03:49","guid":{"rendered":"https:\/\/laurbedigital.com.ar\/noticias\/?p=113963"},"modified":"2025-03-03T21:03:49","modified_gmt":"2025-03-04T00:03:49","slug":"instagram-apuesta-a-una-app-exclusiva-para-reels","status":"publish","type":"post","link":"https:\/\/laurbedigital.com.ar\/noticias\/2025\/03\/03\/instagram-apuesta-a-una-app-exclusiva-para-reels\/","title":{"rendered":"Instagram apuesta a una app exclusiva para Reels"},"content":{"rendered":"<p>Instagram podr\u00eda desvincular Reels de su plataforma principal y transformarlo en una aplicaci\u00f3n separada. La iniciativa, que a\u00fan est\u00e1 en fase de discusi\u00f3n dentro de Meta, busca fortalecer su presencia en el mercado del video corto y competir de manera m\u00e1s directa con TikTok, que domina este segmento.<\/p>\n<p>Esta estrategia remite a la decisi\u00f3n de 2014, cuando Meta separ\u00f3 Messenger de Facebook para operar de forma independiente. Sin embargo, la divisi\u00f3n podr\u00eda generar un dilema: mientras algunos usuarios podr\u00edan valorar una experiencia m\u00e1s especializada, otros podr\u00edan considerar engorroso tener que descargar y administrar una aplicaci\u00f3n adicional.<\/p>\n<p>Desde su incorporaci\u00f3n en 2020, Reels se convirti\u00f3 en una herramienta clave para la expansi\u00f3n de Instagram. Inicialmente permit\u00eda videos de 15 segundos, pero su evoluci\u00f3n llev\u00f3 a la extensi\u00f3n de hasta 3 minutos, consolid\u00e1ndose como el principal recurso de la plataforma para atraer nuevos seguidores. En este contexto, el plan de Meta busca reforzar su posicionamiento y desafiar el liderazgo de TikTok.<\/p>\n<p>La compa\u00f1\u00eda ya hab\u00eda intentado en otras ocasiones competir con la aplicaci\u00f3n china, como lo demostr\u00f3 con el fallido lanzamiento de Lasso en 2018. Ahora, adem\u00e1s de la posible independencia de Reels, Meta lanz\u00f3 Edits, una herramienta de edici\u00f3n que busca rivalizar con CapCut, la popular app de ByteDance.<\/p>\n<p>A pesar de los rumores, la separaci\u00f3n de Reels no cuenta con una fecha de implementaci\u00f3n confirmada. Adam Mosseri, director de Instagram, mencion\u00f3 la posibilidad en una reuni\u00f3n interna, aunque sin brindar detalles concretos sobre el proceso. De concretarse, este cambio representar\u00eda un nuevo cap\u00edtulo en la disputa por el dominio del contenido audiovisual en redes sociales.<\/p>\n","protected":false},"excerpt":{"rendered":"<p>Instagram podr\u00eda desvincular Reels de su plataforma principal y transformarlo en una aplicaci\u00f3n separada. La iniciativa, que a\u00fan est\u00e1 en<\/p>\n","protected":false},"author":1,"featured_media":58380,"comment_status":"closed","ping_status":"closed","sticky":false,"template":"","format":"standard","meta":{"kia_subtitle":"Meta eval\u00faa convertir su servicio de videos cortos en una aplicaci\u00f3n independiente para potenciar su competencia con TikTok, aunque la decisi\u00f3n podr\u00eda traer nuevos desaf\u00edos para los usuarios.","footnotes":"","jetpack_publicize_message":"","jetpack_publicize_feature_enabled":true,"jetpack_social_post_already_shared":true,"jetpack_social_options":{"image_generator_settings":{"template":"highway","default_image_id":0,"font":"","enabled":false},"version":2}},"categories":[15],"tags":[],"class_list":["post-113963","post","type-post","status-publish","format-standard","has-post-thumbnail","hentry","category-tendencias"],"jetpack_publicize_connections":[],"jetpack_featured_media_url":"https:\/\/laurbedigital.com.ar\/noticias\/wp-content\/uploads\/2021\/07\/20210727-Instagram-1.jpg","_links":{"self":[{"href":"https:\/\/laurbedigital.com.ar\/noticias\/wp-json\/wp\/v2\/posts\/113963","targetHints":{"allow":["GET"]}}],"collection":[{"href":"https:\/\/laurbedigital.com.ar\/noticias\/wp-json\/wp\/v2\/posts"}],"about":[{"href":"https:\/\/laurbedigital.com.ar\/noticias\/wp-json\/wp\/v2\/types\/post"}],"author":[{"embeddable":true,"href":"https:\/\/laurbedigital.com.ar\/noticias\/wp-json\/wp\/v2\/users\/1"}],"replies":[{"embeddable":true,"href":"https:\/\/laurbedigital.com.ar\/noticias\/wp-json\/wp\/v2\/comments?post=113963"}],"version-history":[{"count":2,"href":"https:\/\/laurbedigital.com.ar\/noticias\/wp-json\/wp\/v2\/posts\/113963\/revisions"}],"predecessor-version":[{"id":113965,"href":"https:\/\/laurbedigital.com.ar\/noticias\/wp-json\/wp\/v2\/posts\/113963\/revisions\/113965"}],"wp:featuredmedia":[{"embeddable":true,"href":"https:\/\/laurbedigital.com.ar\/noticias\/wp-json\/wp\/v2\/media\/58380"}],"wp:attachment":[{"href":"https:\/\/laurbedigital.com.ar\/noticias\/wp-json\/wp\/v2\/media?parent=113963"}],"wp:term":[{"taxonomy":"category","embeddable":true,"href":"https:\/\/laurbedigital.com.ar\/noticias\/wp-json\/wp\/v2\/categories?post=113963"},{"taxonomy":"post_tag","embeddable":true,"href":"https:\/\/laurbedigital.com.ar\/noticias\/wp-json\/wp\/v2\/tags?post=113963"}],"curies":[{"name":"wp","href":"https:\/\/api.w.org\/{rel}","templated":true}]}}