{"id":113961,"date":"2025-03-03T21:01:02","date_gmt":"2025-03-04T00:01:02","guid":{"rendered":"https:\/\/laurbedigital.com.ar\/noticias\/?p=113961"},"modified":"2025-03-03T21:01:02","modified_gmt":"2025-03-04T00:01:02","slug":"asesor-clave-de-nayib-bukele-considera-que-milei-fue-complice-del-fraude-de-libra-y-que-deberia-ir-preso","status":"publish","type":"post","link":"https:\/\/laurbedigital.com.ar\/noticias\/2025\/03\/03\/asesor-clave-de-nayib-bukele-considera-que-milei-fue-complice-del-fraude-de-libra-y-que-deberia-ir-preso\/","title":{"rendered":"Asesor clave de Nayib Bukele considera que Milei fue c\u00f3mplice del fraude de $Libra y que deber\u00eda ir preso"},"content":{"rendered":"<p>El esc\u00e1ndalo de la criptomoneda LIBRA sigue generando repercusiones y ahora suma una cr\u00edtica de peso. Max Keiser, reconocido bitcoiner y asesor del presidente de El Salvador, Nayib Bukele, acus\u00f3 directamente a Javier Milei de ser c\u00f3mplice de una estafa financiera. Seg\u00fan Keiser, si la situaci\u00f3n se hubiese desarrollado en Estados Unidos, el mandatario argentino podr\u00eda enfrentar hasta cinco a\u00f1os de prisi\u00f3n por violaci\u00f3n de la Ley de Valores.<\/p>\n<p>A trav\u00e9s de su cuenta en X (antes Twitter), Keiser expres\u00f3 su indignaci\u00f3n y fue categ\u00f3rico: \u201c\u00a1Enci\u00e9rrenlo!\u201d, escribi\u00f3, se\u00f1alando que la promoci\u00f3n de LIBRA por parte de Milei constituy\u00f3 una actividad fraudulenta. Sus declaraciones llegan en un contexto de creciente presi\u00f3n internacional sobre el gobierno argentino, luego de que el propio presidente intentara desvincularse del caso en una reciente entrevista. En su defensa, Milei argument\u00f3 que no promocion\u00f3 el proyecto, sino que simplemente lo comparti\u00f3 en redes sociales.<\/p>\n<p>No obstante, para Keiser y otros cr\u00edticos, estas explicaciones no son suficientes. Las p\u00e9rdidas sufridas por miles de peque\u00f1os inversionistas han generado indignaci\u00f3n, especialmente ante la falta de arrepentimiento del presidente argentino. En lugar de reconocer su responsabilidad, Milei minimiz\u00f3 las denuncias con una controvertida comparaci\u00f3n: \u201cSi fuiste a un casino y perdiste dinero, \u00bfcu\u00e1l es la queja?\u201d, respondi\u00f3 ante las acusaciones.<\/p>\n<p>El impacto del caso LIBRA trasciende las fronteras argentinas. Organismos internacionales han comenzado a tomar nota del esc\u00e1ndalo, y en Estados Unidos el FBI inici\u00f3 una investigaci\u00f3n sobre el fraude. Si se determina que Milei incurri\u00f3 en pr\u00e1cticas ilegales, podr\u00eda enfrentar sanciones en el \u00e1mbito financiero global.<\/p>\n<p>Mientras la controversia crece, la opini\u00f3n p\u00fablica se polariza. Keiser, con su habitual estilo provocador, ironiz\u00f3 en redes sociales: \u201c\u00a1Que se divierta en la c\u00e1rcel!\u201d. Aunque el encarcelamiento de Milei parece poco probable, el esc\u00e1ndalo ya ha golpeado su imagen pol\u00edtica, sum\u00e1ndose a una lista de desaf\u00edos que enfrenta su gobierno.<\/p>\n","protected":false},"excerpt":{"rendered":"<p>El esc\u00e1ndalo de la criptomoneda LIBRA sigue generando repercusiones y ahora suma una cr\u00edtica de peso. Max Keiser, reconocido bitcoiner<\/p>\n","protected":false},"author":1,"featured_media":113957,"comment_status":"closed","ping_status":"closed","sticky":false,"template":"","format":"standard","meta":{"kia_subtitle":"El presidente argentino Javier Milei enfrenta nuevas acusaciones por su participaci\u00f3n en la difusi\u00f3n de la criptomoneda LIBRA.","footnotes":"","jetpack_publicize_message":"","jetpack_publicize_feature_enabled":true,"jetpack_social_post_already_shared":true,"jetpack_social_options":{"image_generator_settings":{"template":"highway","default_image_id":0,"font":"","enabled":false},"version":2}},"categories":[3,138,41],"tags":[],"class_list":["post-113961","post","type-post","status-publish","format-standard","has-post-thumbnail","hentry","category-actualidad","category-internacional","category-nacionales"],"jetpack_publicize_connections":[],"jetpack_featured_media_url":"https:\/\/laurbedigital.com.ar\/noticias\/wp-content\/uploads\/2025\/03\/20250304-Bukele.jpg","_links":{"self":[{"href":"https:\/\/laurbedigital.com.ar\/noticias\/wp-json\/wp\/v2\/posts\/113961","targetHints":{"allow":["GET"]}}],"collection":[{"href":"https:\/\/laurbedigital.com.ar\/noticias\/wp-json\/wp\/v2\/posts"}],"about":[{"href":"https:\/\/laurbedigital.com.ar\/noticias\/wp-json\/wp\/v2\/types\/post"}],"author":[{"embeddable":true,"href":"https:\/\/laurbedigital.com.ar\/noticias\/wp-json\/wp\/v2\/users\/1"}],"replies":[{"embeddable":true,"href":"https:\/\/laurbedigital.com.ar\/noticias\/wp-json\/wp\/v2\/comments?post=113961"}],"version-history":[{"count":1,"href":"https:\/\/laurbedigital.com.ar\/noticias\/wp-json\/wp\/v2\/posts\/113961\/revisions"}],"predecessor-version":[{"id":113962,"href":"https:\/\/laurbedigital.com.ar\/noticias\/wp-json\/wp\/v2\/posts\/113961\/revisions\/113962"}],"wp:featuredmedia":[{"embeddable":true,"href":"https:\/\/laurbedigital.com.ar\/noticias\/wp-json\/wp\/v2\/media\/113957"}],"wp:attachment":[{"href":"https:\/\/laurbedigital.com.ar\/noticias\/wp-json\/wp\/v2\/media?parent=113961"}],"wp:term":[{"taxonomy":"category","embeddable":true,"href":"https:\/\/laurbedigital.com.ar\/noticias\/wp-json\/wp\/v2\/categories?post=113961"},{"taxonomy":"post_tag","embeddable":true,"href":"https:\/\/laurbedigital.com.ar\/noticias\/wp-json\/wp\/v2\/tags?post=113961"}],"curies":[{"name":"wp","href":"https:\/\/api.w.org\/{rel}","templated":true}]}}