{"id":113921,"date":"2025-03-02T03:51:11","date_gmt":"2025-03-02T06:51:11","guid":{"rendered":"https:\/\/laurbedigital.com.ar\/noticias\/?p=113921"},"modified":"2025-03-02T03:51:11","modified_gmt":"2025-03-02T06:51:11","slug":"carnaval-entre-lo-sagrado-y-lo-pagano","status":"publish","type":"post","link":"https:\/\/laurbedigital.com.ar\/noticias\/2025\/03\/02\/carnaval-entre-lo-sagrado-y-lo-pagano\/","title":{"rendered":"Carnaval: entre lo sagrado y lo pagano"},"content":{"rendered":"<p>El Carnaval es una de las festividades m\u00e1s esperadas en distintos rincones del mundo. Sin embargo, su significado trasciende los desfiles y las m\u00e1scaras. A pesar de no estar mencionado en las Sagradas Escrituras, su v\u00ednculo con la Cuaresma y la Pascua lo ha convertido en un evento de gran relevancia dentro del calendario lit\u00fargico.<\/p>\n<p>El verdadero significado del Carnaval se relaciona con el inicio de la Cuaresma, el per\u00edodo de 40 d\u00edas de preparaci\u00f3n para la Semana Santa, que culmina con la Pascua, la celebraci\u00f3n de la resurrecci\u00f3n de Jes\u00fas. Durante este tiempo, los fieles realizan ayuno y abstinencia, lo que ha dado lugar a la costumbre de disfrutar de un \u00faltimo per\u00edodo de celebraci\u00f3n antes del recogimiento espiritual. As\u00ed, los festejos de Carnaval se presentan como una despedida de los placeres mundanos, previo a la reflexi\u00f3n cuaresmal.<\/p>\n<p>Si bien el Carnaval est\u00e1 arraigado en la tradici\u00f3n cristiana, su origen se remonta a festividades paganas preexistentes. La enciclopedia Britannica se\u00f1ala que los antecedentes de esta celebraci\u00f3n se pierden en la historia y sugiere que podr\u00edan vincularse a antiguos festivales que marcaban el inicio del a\u00f1o nuevo o la renovaci\u00f3n de la naturaleza. Algunas teor\u00edas lo relacionan con las Saturnales de la Antigua Roma, mientras que otras lo sit\u00faan en civilizaciones a\u00fan m\u00e1s remotas, como Sumeria y Egipto, donde se rend\u00eda tributo al toro Apis.<\/p>\n<p>El t\u00e9rmino \u201cCarnaval\u201d proviene del lat\u00edn \u201ccarnem levare\u201d, que significa \u201cabandonar la carne\u201d, en alusi\u00f3n a la costumbre de no consumir carne durante los viernes de Cuaresma. Con el tiempo, la palabra evolucion\u00f3 a \u201ccarne-vale\u201d, interpretado como \u201cadi\u00f3s a la carne\u201d, reforzando el significado de esta festividad como una transici\u00f3n entre el desenfreno y la penitencia.<\/p>\n<p>A pesar de su adaptaci\u00f3n dentro del calendario cristiano, algunos historiadores resaltan que el Carnaval mantiene influencias de creencias precristianas. Una de ellas es la referencia a Carna, la diosa celta de las habas y el tocino, lo que refuerza la idea de que esta celebraci\u00f3n es un crisol de influencias culturales y religiosas.<\/p>\n<p>Hoy en d\u00eda, el Carnaval es una festividad que combina lo sagrado y lo profano, fusionando expresiones de alegr\u00eda y libertad con una preparaci\u00f3n espiritual. Aunque sus ra\u00edces se hunden en la antig\u00fcedad, su esencia sigue siendo la misma: una celebraci\u00f3n de la vida antes de la introspecci\u00f3n que marca la Cuaresma.<\/p>\n","protected":false},"excerpt":{"rendered":"<p>El Carnaval es una de las festividades m\u00e1s esperadas en distintos rincones del mundo. Sin embargo, su significado trasciende los<\/p>\n","protected":false},"author":1,"featured_media":113923,"comment_status":"closed","ping_status":"closed","sticky":false,"template":"","format":"standard","meta":{"kia_subtitle":"Los festejos del Carnaval, que en 2025 se celebran el lunes 3 y martes 4 de marzo, est\u00e1n estrechamente ligados a las tradiciones cristianas, aunque su origen es anterior al cristianismo.","footnotes":"","jetpack_publicize_message":"","jetpack_publicize_feature_enabled":true,"jetpack_social_post_already_shared":true,"jetpack_social_options":{"image_generator_settings":{"template":"highway","default_image_id":0,"font":"","enabled":false},"version":2}},"categories":[15],"tags":[],"class_list":["post-113921","post","type-post","status-publish","format-standard","has-post-thumbnail","hentry","category-tendencias"],"jetpack_publicize_connections":[],"jetpack_featured_media_url":"https:\/\/laurbedigital.com.ar\/noticias\/wp-content\/uploads\/2025\/03\/20250302-Carnaval.jpg","_links":{"self":[{"href":"https:\/\/laurbedigital.com.ar\/noticias\/wp-json\/wp\/v2\/posts\/113921","targetHints":{"allow":["GET"]}}],"collection":[{"href":"https:\/\/laurbedigital.com.ar\/noticias\/wp-json\/wp\/v2\/posts"}],"about":[{"href":"https:\/\/laurbedigital.com.ar\/noticias\/wp-json\/wp\/v2\/types\/post"}],"author":[{"embeddable":true,"href":"https:\/\/laurbedigital.com.ar\/noticias\/wp-json\/wp\/v2\/users\/1"}],"replies":[{"embeddable":true,"href":"https:\/\/laurbedigital.com.ar\/noticias\/wp-json\/wp\/v2\/comments?post=113921"}],"version-history":[{"count":1,"href":"https:\/\/laurbedigital.com.ar\/noticias\/wp-json\/wp\/v2\/posts\/113921\/revisions"}],"predecessor-version":[{"id":113924,"href":"https:\/\/laurbedigital.com.ar\/noticias\/wp-json\/wp\/v2\/posts\/113921\/revisions\/113924"}],"wp:featuredmedia":[{"embeddable":true,"href":"https:\/\/laurbedigital.com.ar\/noticias\/wp-json\/wp\/v2\/media\/113923"}],"wp:attachment":[{"href":"https:\/\/laurbedigital.com.ar\/noticias\/wp-json\/wp\/v2\/media?parent=113921"}],"wp:term":[{"taxonomy":"category","embeddable":true,"href":"https:\/\/laurbedigital.com.ar\/noticias\/wp-json\/wp\/v2\/categories?post=113921"},{"taxonomy":"post_tag","embeddable":true,"href":"https:\/\/laurbedigital.com.ar\/noticias\/wp-json\/wp\/v2\/tags?post=113921"}],"curies":[{"name":"wp","href":"https:\/\/api.w.org\/{rel}","templated":true}]}}