{"id":113768,"date":"2025-02-24T22:34:26","date_gmt":"2025-02-25T01:34:26","guid":{"rendered":"https:\/\/laurbedigital.com.ar\/noticias\/?p=113768"},"modified":"2025-02-24T22:34:26","modified_gmt":"2025-02-25T01:34:26","slug":"milei-y-el-costo-del-lujo-mas-de-80-millones-en-hoteles-de-alta-gama","status":"publish","type":"post","link":"https:\/\/laurbedigital.com.ar\/noticias\/2025\/02\/24\/milei-y-el-costo-del-lujo-mas-de-80-millones-en-hoteles-de-alta-gama\/","title":{"rendered":"Milei y el costo del lujo: m\u00e1s de $80 millones en hoteles de alta gama"},"content":{"rendered":"<p>Desde su asunci\u00f3n, Milei ha pasado una gran parte de su tiempo fuera del pa\u00eds, acumulando 63 d\u00edas en el extranjero con un total de 19 viajes internacionales en 2024. En cada destino, ha optado por alojamientos de alto nivel, que van desde penthouses en Copacabana hasta exclusivas suites en Hollywood. Estos gastos contrastan con su insistencia en que \u201cno hay plata\u201d para otras necesidades del pa\u00eds.<\/p>\n<p>Los datos revelados en el Congreso muestran que, adem\u00e1s de los $80 millones invertidos en hospedajes, el costo total de sus giras internacionales asciende a $2600 millones, incluyendo vuelos privados que le han permitido recorrer el equivalente a siete vueltas al mundo. Su primera visita oficial a Davos en enero de 2024 marc\u00f3 el inicio de esta tendencia, con una estad\u00eda en el lujoso Steigenberger Icon Grandhotel, cuyo costo super\u00f3 los $10 millones.<\/p>\n<p>Esta preferencia por hoteles exclusivos se mantuvo en cada viaje. En Roma, donde se ha reunido en reiteradas ocasiones con su aliada Giorgia Meloni, el presidente se aloj\u00f3 en el Hotel Intercontinental Ambasciatori Palace, con tarifas superiores a los $630 mil por noche. Todo ello a pesar de que la embajada argentina en la ciudad cuenta con una residencia oficial. Su equipo justific\u00f3 la decisi\u00f3n por presuntos problemas con el aire acondicionado.<\/p>\n<p>El uso de fondos p\u00fablicos tambi\u00e9n se ha extendido a viajes con un marcado car\u00e1cter partidario. En mayo, Milei viaj\u00f3 a Espa\u00f1a para participar en un evento de Vox sin agenda oficial, pero su estad\u00eda en el Hyatt del Paseo de la Castellana fue costeada con dinero estatal, con tarifas de aproximadamente $350 mil por noche. Una situaci\u00f3n similar ocurri\u00f3 en Washington, donde asisti\u00f3 a la Conferencia Pol\u00edtica de Acci\u00f3n Conservadora (CPAC) y se hosped\u00f3 en el Gaylord National Resort, con tarifas que superan los $500 mil por noche.<\/p>\n<p>Los costos de sus viajes han sido cubiertos en algunas ocasiones por terceros, lo que genera interrogantes sobre posibles compromisos diplom\u00e1ticos no transparentados. Por ejemplo, su estad\u00eda en Israel fue financiada por el gobierno de Benjamin Netanyahu, mientras que en Miami, donde recibi\u00f3 una distinci\u00f3n de la comunidad ortodoxa Jabad Lubavitch, su hospedaje en el Gran Beach Hotel fue solventado por fuentes no identificadas.<\/p>\n<p>El discurso presidencial de ajuste severo parece no aplicar a su propio estilo de vida. Mientras los argentinos enfrentan recesi\u00f3n y desempleo, Milei ha disfrutado de un itinerario de viajes con todas las comodidades financiadas con fondos p\u00fablicos. Su gesti\u00f3n plantea un interrogante clave: \u00bfqui\u00e9n paga realmente la cuenta de su austeridad?<\/p>\n","protected":false},"excerpt":{"rendered":"<p>Desde su asunci\u00f3n, Milei ha pasado una gran parte de su tiempo fuera del pa\u00eds, acumulando 63 d\u00edas en el<\/p>\n","protected":false},"author":1,"featured_media":113755,"comment_status":"closed","ping_status":"closed","sticky":false,"template":"","format":"standard","meta":{"kia_subtitle":"El presidente Javier Milei ha promovido un discurso de ajuste y austeridad, pero sus viajes internacionales han representado un gasto millonario en hospedajes de lujo. En su primer a\u00f1o de gesti\u00f3n, se destinaron m\u00e1s de $80 millones a hoteles de cuatro y cinco estrellas, mientras la econom\u00eda del pa\u00eds enfrenta una crisis creciente.","footnotes":"","jetpack_publicize_message":"","jetpack_publicize_feature_enabled":true,"jetpack_social_post_already_shared":true,"jetpack_social_options":{"image_generator_settings":{"template":"highway","default_image_id":0,"font":"","enabled":false},"version":2}},"categories":[3,41],"tags":[],"class_list":["post-113768","post","type-post","status-publish","format-standard","has-post-thumbnail","hentry","category-actualidad","category-nacionales"],"jetpack_publicize_connections":[],"jetpack_featured_media_url":"https:\/\/laurbedigital.com.ar\/noticias\/wp-content\/uploads\/2025\/02\/20250225-Milei.jpg","_links":{"self":[{"href":"https:\/\/laurbedigital.com.ar\/noticias\/wp-json\/wp\/v2\/posts\/113768","targetHints":{"allow":["GET"]}}],"collection":[{"href":"https:\/\/laurbedigital.com.ar\/noticias\/wp-json\/wp\/v2\/posts"}],"about":[{"href":"https:\/\/laurbedigital.com.ar\/noticias\/wp-json\/wp\/v2\/types\/post"}],"author":[{"embeddable":true,"href":"https:\/\/laurbedigital.com.ar\/noticias\/wp-json\/wp\/v2\/users\/1"}],"replies":[{"embeddable":true,"href":"https:\/\/laurbedigital.com.ar\/noticias\/wp-json\/wp\/v2\/comments?post=113768"}],"version-history":[{"count":2,"href":"https:\/\/laurbedigital.com.ar\/noticias\/wp-json\/wp\/v2\/posts\/113768\/revisions"}],"predecessor-version":[{"id":113770,"href":"https:\/\/laurbedigital.com.ar\/noticias\/wp-json\/wp\/v2\/posts\/113768\/revisions\/113770"}],"wp:featuredmedia":[{"embeddable":true,"href":"https:\/\/laurbedigital.com.ar\/noticias\/wp-json\/wp\/v2\/media\/113755"}],"wp:attachment":[{"href":"https:\/\/laurbedigital.com.ar\/noticias\/wp-json\/wp\/v2\/media?parent=113768"}],"wp:term":[{"taxonomy":"category","embeddable":true,"href":"https:\/\/laurbedigital.com.ar\/noticias\/wp-json\/wp\/v2\/categories?post=113768"},{"taxonomy":"post_tag","embeddable":true,"href":"https:\/\/laurbedigital.com.ar\/noticias\/wp-json\/wp\/v2\/tags?post=113768"}],"curies":[{"name":"wp","href":"https:\/\/api.w.org\/{rel}","templated":true}]}}