{"id":113752,"date":"2025-02-24T21:39:09","date_gmt":"2025-02-25T00:39:09","guid":{"rendered":"https:\/\/laurbedigital.com.ar\/noticias\/?p=113752"},"modified":"2025-02-24T21:39:09","modified_gmt":"2025-02-25T00:39:09","slug":"el-impacto-del-desmantelamiento-del-programa-de-cuidados-paliativos","status":"publish","type":"post","link":"https:\/\/laurbedigital.com.ar\/noticias\/2025\/02\/24\/el-impacto-del-desmantelamiento-del-programa-de-cuidados-paliativos\/","title":{"rendered":"El impacto del desmantelamiento del programa de cuidados paliativos"},"content":{"rendered":"<p>La m\u00e9dica especialista en cuidados paliativos Mariana Pechenik advirti\u00f3 sobre las graves consecuencias del desmantelamiento del programa de cuidados paliativos del Instituto Nacional del C\u00e1ncer (INC), llevado a cabo por el Gobierno. La eliminaci\u00f3n de este programa afectar\u00e1 a miles de pacientes que necesitan atenci\u00f3n especializada para el alivio del dolor y el acompa\u00f1amiento en el transcurso de la enfermedad.<\/p>\n<p>A trav\u00e9s de una publicaci\u00f3n en redes sociales, Pechenik expres\u00f3 su preocupaci\u00f3n y lament\u00f3 la decisi\u00f3n oficial: \u00abLos cuidados paliativos argentinos estamos de luto. Se ha desmantelado el programa nacional de cuidados paliativos del Instituto Nacional del C\u00e1ncer\u00bb. En su mensaje, destac\u00f3 el rol clave del INC, que no solo formaba profesionales en la especialidad a trav\u00e9s de becas y cursos, sino que tambi\u00e9n garantizaba la provisi\u00f3n de morfina y metadona en todas las jurisdicciones del pa\u00eds, con especial \u00e9nfasis en las provincias m\u00e1s vulnerables.<\/p>\n<p>El recorte implementado por la administraci\u00f3n de Javier Milei se tradujo en la suspensi\u00f3n de la compra de opioides, f\u00e1rmacos esenciales en el tratamiento del dolor severo en pacientes con c\u00e1ncer. Adem\u00e1s, seis de los ocho miembros del equipo especializado en cuidados paliativos fueron despedidos, lo que redujo dr\u00e1sticamente la capacidad de atenci\u00f3n y asesoramiento a nivel nacional.<\/p>\n<p>Desde el sector sanitario alertan que esta medida tendr\u00e1 efectos negativos inmediatos. Pechenik enfatiz\u00f3 que se espera un aumento en la prevalencia del c\u00e1ncer, as\u00ed como en el sufrimiento de los pacientes, quienes perder\u00e1n acceso a atenci\u00f3n de calidad. \u00abM\u00e1s pacientes quedar\u00e1n sin recibir asistencia de personal calificado ni alivio del dolor\u00bb, advirti\u00f3.<\/p>\n<p>El Instituto Nacional del C\u00e1ncer, junto con la Asociaci\u00f3n Argentina de Medicina y Cuidados Paliativos, hab\u00eda logrado avances significativos en la materia, combatiendo el desconocimiento y la falta de acceso a tratamientos adecuados en el sistema de salud. La especialista calific\u00f3 la decisi\u00f3n gubernamental como \u00abun descuido profundo de nuestros derechos humanos\u00bb, subrayando que afecta a una poblaci\u00f3n que ya enfrenta un proceso de salud cr\u00edtico.<\/p>\n<p>La eliminaci\u00f3n de este programa no solo vulnera a los pacientes oncol\u00f3gicos, sino que tambi\u00e9n pone en jaque el desarrollo de una disciplina m\u00e9dica fundamental para garantizar calidad de vida en situaciones de enfermedad avanzada. Ante este escenario, diversos sectores exigen la revisi\u00f3n de la medida y la restituci\u00f3n de un programa esencial para el bienestar de los pacientes m\u00e1s vulnerables.<\/p>\n","protected":false},"excerpt":{"rendered":"<p>La m\u00e9dica especialista en cuidados paliativos Mariana Pechenik advirti\u00f3 sobre las graves consecuencias del desmantelamiento del programa de cuidados paliativos<\/p>\n","protected":false},"author":1,"featured_media":113743,"comment_status":"closed","ping_status":"closed","sticky":false,"template":"","format":"standard","meta":{"kia_subtitle":"El recorte dispuesto por el Gobierno Nacional pone en riesgo la atenci\u00f3n de pacientes con c\u00e1ncer, generando preocupaci\u00f3n en el \u00e1mbito m\u00e9dico y social.","footnotes":"","jetpack_publicize_message":"","jetpack_publicize_feature_enabled":true,"jetpack_social_post_already_shared":true,"jetpack_social_options":{"image_generator_settings":{"template":"highway","default_image_id":0,"font":"","enabled":false},"version":2}},"categories":[3,41],"tags":[],"class_list":["post-113752","post","type-post","status-publish","format-standard","has-post-thumbnail","hentry","category-actualidad","category-nacionales"],"jetpack_publicize_connections":[],"jetpack_featured_media_url":"https:\/\/laurbedigital.com.ar\/noticias\/wp-content\/uploads\/2025\/02\/20250225-Cuidado-paleativo-cancer-paciente.jpg","_links":{"self":[{"href":"https:\/\/laurbedigital.com.ar\/noticias\/wp-json\/wp\/v2\/posts\/113752","targetHints":{"allow":["GET"]}}],"collection":[{"href":"https:\/\/laurbedigital.com.ar\/noticias\/wp-json\/wp\/v2\/posts"}],"about":[{"href":"https:\/\/laurbedigital.com.ar\/noticias\/wp-json\/wp\/v2\/types\/post"}],"author":[{"embeddable":true,"href":"https:\/\/laurbedigital.com.ar\/noticias\/wp-json\/wp\/v2\/users\/1"}],"replies":[{"embeddable":true,"href":"https:\/\/laurbedigital.com.ar\/noticias\/wp-json\/wp\/v2\/comments?post=113752"}],"version-history":[{"count":1,"href":"https:\/\/laurbedigital.com.ar\/noticias\/wp-json\/wp\/v2\/posts\/113752\/revisions"}],"predecessor-version":[{"id":113753,"href":"https:\/\/laurbedigital.com.ar\/noticias\/wp-json\/wp\/v2\/posts\/113752\/revisions\/113753"}],"wp:featuredmedia":[{"embeddable":true,"href":"https:\/\/laurbedigital.com.ar\/noticias\/wp-json\/wp\/v2\/media\/113743"}],"wp:attachment":[{"href":"https:\/\/laurbedigital.com.ar\/noticias\/wp-json\/wp\/v2\/media?parent=113752"}],"wp:term":[{"taxonomy":"category","embeddable":true,"href":"https:\/\/laurbedigital.com.ar\/noticias\/wp-json\/wp\/v2\/categories?post=113752"},{"taxonomy":"post_tag","embeddable":true,"href":"https:\/\/laurbedigital.com.ar\/noticias\/wp-json\/wp\/v2\/tags?post=113752"}],"curies":[{"name":"wp","href":"https:\/\/api.w.org\/{rel}","templated":true}]}}