{"id":113749,"date":"2025-02-24T21:35:53","date_gmt":"2025-02-25T00:35:53","guid":{"rendered":"https:\/\/laurbedigital.com.ar\/noticias\/?p=113749"},"modified":"2025-02-24T21:35:53","modified_gmt":"2025-02-25T00:35:53","slug":"la-desaparicion-de-lian-y-las-similitudes-con-el-caso-loan","status":"publish","type":"post","link":"https:\/\/laurbedigital.com.ar\/noticias\/2025\/02\/24\/la-desaparicion-de-lian-y-las-similitudes-con-el-caso-loan\/","title":{"rendered":"La desaparici\u00f3n de Lian y las similitudes con el caso Loan"},"content":{"rendered":"<p>La desaparici\u00f3n de Lian Gael Flores Soraire mantiene en vilo a toda la Argentina. El peque\u00f1o, oriundo de C\u00f3rdoba, desapareci\u00f3 en circunstancias que han despertado la alarma de la comunidad y de las autoridades. Su caso presenta similitudes con el de Loan Danilo Pe\u00f1a, el ni\u00f1o de cinco a\u00f1os que se esfum\u00f3 sin dejar rastro en Corrientes, aunque tambi\u00e9n existen diferencias clave en el accionar de las fuerzas de seguridad.<\/p>\n<p>Desde un primer momento, la r\u00e1pida intervenci\u00f3n de la justicia cordobesa permiti\u00f3 que se activara la Alerta Sof\u00eda, un mecanismo de emergencia para la b\u00fasqueda inmediata de ni\u00f1os desaparecidos. Esta medida fue fundamental para movilizar recursos y generar una difusi\u00f3n masiva del caso.<\/p>\n<p>Si bien ambos casos involucran la desaparici\u00f3n de menores en zonas rurales del interior del pa\u00eds, existen diferencias cruciales en la manera en que se han abordado las investigaciones.<\/p>\n<p>En el caso de Loan, las autoridades tardaron en reaccionar y reci\u00e9n d\u00edas despu\u00e9s de su desaparici\u00f3n comenzaron a manejar la hip\u00f3tesis de un posible secuestro. Por el contrario, con Lian, la activaci\u00f3n de la Alerta Sof\u00eda se realiz\u00f3 con rapidez, lo que permiti\u00f3 que los investigadores actuaran de inmediato y avanzaran con una serie de operativos clave.<\/p>\n<p>En el marco de la investigaci\u00f3n, se llevaron a cabo allanamientos en propiedades de la zona, lo que result\u00f3 en la detenci\u00f3n de un hombre y el secuestro de elementos que podr\u00edan aportar informaci\u00f3n crucial. Entre los objetos incautados se encuentran tres tel\u00e9fonos celulares y una camioneta blanca con vidrios polarizados, que coincide con la descripci\u00f3n de un testigo.<\/p>\n<p>Un dato determinante en la investigaci\u00f3n surgi\u00f3 a partir del testimonio de un vecino de la zona, quien brind\u00f3 informaci\u00f3n sobre un veh\u00edculo sospechoso que circulaba por el \u00e1rea en el momento de la desaparici\u00f3n.<\/p>\n<p>Seg\u00fan su relato, el s\u00e1bado al mediod\u00eda observ\u00f3 una camioneta blanca de modelo reciente con vidrios polarizados que se mov\u00eda de manera inusual. \u00abPas\u00f3 despacito, no convers\u00f3 y dio la vuelta. El chico estaba jugando y seguro lo habr\u00e1n agarrado\u00bb, declar\u00f3 el testigo en una entrevista con el canal A24.<\/p>\n<p>El hombre detall\u00f3 que, en ese momento, no le dio importancia al hecho, pero al conocer sobre la desaparici\u00f3n del ni\u00f1o, record\u00f3 la presencia del veh\u00edculo y lo report\u00f3 a las autoridades. Esta pista llev\u00f3 a los investigadores a realizar operativos en la zona y a secuestrar una camioneta con caracter\u00edsticas similares en una propiedad vinculada al sospechoso detenido.<\/p>\n<p>La Alerta Sof\u00eda, un programa implementado por el Ministerio de Seguridad de la Naci\u00f3n en conjunto con el Sistema Federal de B\u00fasqueda de Personas Desaparecidas y Extraviadas (SIFEBU), fue activada con urgencia para localizar a Lian Gael Flores Soraire.<\/p>\n<p>El ni\u00f1o mide aproximadamente 90 cent\u00edmetros de altura, tiene tez trigue\u00f1a, cabello corto y oscuro, y ojos oscuros. Las autoridades han solicitado la colaboraci\u00f3n de toda la comunidad y han habilitado la l\u00ednea 134 del Ministerio de Seguridad para recibir cualquier informaci\u00f3n relevante sobre su paradero.<\/p>\n<p>Esta activaci\u00f3n fue gestionada por la Fiscal\u00eda de la 2da nominaci\u00f3n de Bell Ville, a cargo de Isabel Reyna, y cont\u00f3 con la participaci\u00f3n de diversas instituciones, como SIFEBU, la Subsecretar\u00eda de Pol\u00edticas Familiares y la Procuradur\u00eda de Trata y Explotaci\u00f3n de Personas (PROTEX).<\/p>\n<p>La desaparici\u00f3n de Lian Gael Flores Soraire ha generado una ola de preocupaci\u00f3n en la sociedad, que sigue de cerca cada novedad del caso. La difusi\u00f3n de su imagen y los detalles de su desaparici\u00f3n han sido compartidos en redes sociales y medios de comunicaci\u00f3n con el objetivo de sumar esfuerzos en su b\u00fasqueda.<\/p>\n<p>Mientras tanto, las autoridades contin\u00faan con los operativos para dar con el paradero del ni\u00f1o. La investigaci\u00f3n sigue abierta, y cada nueva pista es analizada minuciosamente con la esperanza de esclarecer lo ocurrido y encontrar a Lian lo antes posible.<\/p>\n","protected":false},"excerpt":{"rendered":"<p>La desaparici\u00f3n de Lian Gael Flores Soraire mantiene en vilo a toda la Argentina. El peque\u00f1o, oriundo de C\u00f3rdoba, desapareci\u00f3<\/p>\n","protected":false},"author":1,"featured_media":113742,"comment_status":"closed","ping_status":"closed","sticky":false,"template":"","format":"standard","meta":{"kia_subtitle":"La desaparici\u00f3n de Lian Gael Flores Soraire ha conmocionado a Argentina y recuerda el caso de Loan Pe\u00f1a, el ni\u00f1o de 5 a\u00f1os desaparecido en Corrientes. La activaci\u00f3n de la Alerta Sof\u00eda y el testimonio de un vecino son piezas clave en la b\u00fasqueda del peque\u00f1o.","footnotes":"","jetpack_publicize_message":"","jetpack_publicize_feature_enabled":true,"jetpack_social_post_already_shared":true,"jetpack_social_options":{"image_generator_settings":{"template":"highway","default_image_id":0,"font":"","enabled":false},"version":2}},"categories":[8],"tags":[],"class_list":["post-113749","post","type-post","status-publish","format-standard","has-post-thumbnail","hentry","category-policiales"],"jetpack_publicize_connections":[],"jetpack_featured_media_url":"https:\/\/laurbedigital.com.ar\/noticias\/wp-content\/uploads\/2025\/02\/20250225-Loan-Lian.jpg","_links":{"self":[{"href":"https:\/\/laurbedigital.com.ar\/noticias\/wp-json\/wp\/v2\/posts\/113749","targetHints":{"allow":["GET"]}}],"collection":[{"href":"https:\/\/laurbedigital.com.ar\/noticias\/wp-json\/wp\/v2\/posts"}],"about":[{"href":"https:\/\/laurbedigital.com.ar\/noticias\/wp-json\/wp\/v2\/types\/post"}],"author":[{"embeddable":true,"href":"https:\/\/laurbedigital.com.ar\/noticias\/wp-json\/wp\/v2\/users\/1"}],"replies":[{"embeddable":true,"href":"https:\/\/laurbedigital.com.ar\/noticias\/wp-json\/wp\/v2\/comments?post=113749"}],"version-history":[{"count":2,"href":"https:\/\/laurbedigital.com.ar\/noticias\/wp-json\/wp\/v2\/posts\/113749\/revisions"}],"predecessor-version":[{"id":113751,"href":"https:\/\/laurbedigital.com.ar\/noticias\/wp-json\/wp\/v2\/posts\/113749\/revisions\/113751"}],"wp:featuredmedia":[{"embeddable":true,"href":"https:\/\/laurbedigital.com.ar\/noticias\/wp-json\/wp\/v2\/media\/113742"}],"wp:attachment":[{"href":"https:\/\/laurbedigital.com.ar\/noticias\/wp-json\/wp\/v2\/media?parent=113749"}],"wp:term":[{"taxonomy":"category","embeddable":true,"href":"https:\/\/laurbedigital.com.ar\/noticias\/wp-json\/wp\/v2\/categories?post=113749"},{"taxonomy":"post_tag","embeddable":true,"href":"https:\/\/laurbedigital.com.ar\/noticias\/wp-json\/wp\/v2\/tags?post=113749"}],"curies":[{"name":"wp","href":"https:\/\/api.w.org\/{rel}","templated":true}]}}