{"id":113731,"date":"2025-02-24T01:23:43","date_gmt":"2025-02-24T04:23:43","guid":{"rendered":"https:\/\/laurbedigital.com.ar\/noticias\/?p=113731"},"modified":"2025-02-24T01:23:43","modified_gmt":"2025-02-24T04:23:43","slug":"el-arte-de-la-cocteleria-celebracion-del-dia-mundial-del-barman","status":"publish","type":"post","link":"https:\/\/laurbedigital.com.ar\/noticias\/2025\/02\/24\/el-arte-de-la-cocteleria-celebracion-del-dia-mundial-del-barman\/","title":{"rendered":"El arte de la cocteler\u00eda: celebraci\u00f3n del D\u00eda Mundial del Barman"},"content":{"rendered":"<p>El D\u00eda Mundial del Barman tiene su origen en la fundaci\u00f3n de la Asociaci\u00f3n Mutual de Barmen y Afines (AMBA) en 1941 en Argentina. Desde entonces, cada 24 de febrero se rinde homenaje a los profesionales que, detr\u00e1s de la barra, no solo preparan tragos, sino que tambi\u00e9n crean experiencias y momentos inolvidables para sus clientes.<\/p>\n<p>Los barmans desempe\u00f1an un papel fundamental en la gastronom\u00eda, fusionando ingredientes y t\u00e9cnicas para elaborar bebidas que deleitan el paladar. Su trabajo va m\u00e1s all\u00e1 de servir tragos: implica conocimiento en maridaje, destilados, historia de la cocteler\u00eda y tendencias innovadoras. Adem\u00e1s, la hospitalidad y la capacidad de interactuar con el p\u00fablico son aspectos clave de su labor, generando ambientes c\u00e1lidos y acogedores.<\/p>\n<p>En la actualidad, la cocteler\u00eda ha evolucionado con el auge de los tragos de autor y la revalorizaci\u00f3n de ingredientes locales. Muchos barmans han elevado la disciplina a una expresi\u00f3n art\u00edstica, incorporando insumos aut\u00f3ctonos y explorando nuevas formas de presentaci\u00f3n. Asimismo, la mixolog\u00eda ha ganado protagonismo, con propuestas que buscan sorprender y desafiar los sentidos.<\/p>\n<p>El reconocimiento de los barmans no solo se limita a los bares y restaurantes. Competiciones nacionales e internacionales destacan su talento y creatividad, posicionando a esta profesi\u00f3n como referente en el mundo de la cocteler\u00eda. Figuras emblem\u00e1ticas del rubro han llevado su arte a distintos pa\u00edses, contribuyendo al prestigio de la profesi\u00f3n.<\/p>\n<p>El D\u00eda Mundial del Barman es una oportunidad para valorar el esfuerzo y la dedicaci\u00f3n de quienes transforman una simple bebida en una experiencia sensorial. Es tambi\u00e9n un momento para reflexionar sobre la evoluci\u00f3n de la cocteler\u00eda y su impacto en la cultura gastron\u00f3mica global. Cada trago servido es el resultado de una combinaci\u00f3n precisa de t\u00e9cnica, pasi\u00f3n y creatividad, cualidades que hacen de esta profesi\u00f3n un arte en s\u00ed misma.<\/p>\n","protected":false},"excerpt":{"rendered":"<p>El D\u00eda Mundial del Barman tiene su origen en la fundaci\u00f3n de la Asociaci\u00f3n Mutual de Barmen y Afines (AMBA)<\/p>\n","protected":false},"author":1,"featured_media":113732,"comment_status":"closed","ping_status":"closed","sticky":false,"template":"","format":"standard","meta":{"kia_subtitle":"Cada 24 de febrero, los barmans de todo el mundo celebran su d\u00eda en honor a una profesi\u00f3n que combina creatividad, t\u00e9cnica y atenci\u00f3n al detalle. Esta fecha reconoce su labor en la industria gastron\u00f3mica y la importancia de la cocteler\u00eda en la cultura social a nivel global.","footnotes":"","jetpack_publicize_message":"","jetpack_publicize_feature_enabled":true,"jetpack_social_post_already_shared":true,"jetpack_social_options":{"image_generator_settings":{"template":"highway","default_image_id":0,"font":"","enabled":false},"version":2}},"categories":[5,2594],"tags":[],"class_list":["post-113731","post","type-post","status-publish","format-standard","has-post-thumbnail","hentry","category-cultura","category-efemerides"],"jetpack_publicize_connections":[],"jetpack_featured_media_url":"https:\/\/laurbedigital.com.ar\/noticias\/wp-content\/uploads\/2025\/02\/20250224-Barman.jpg","_links":{"self":[{"href":"https:\/\/laurbedigital.com.ar\/noticias\/wp-json\/wp\/v2\/posts\/113731","targetHints":{"allow":["GET"]}}],"collection":[{"href":"https:\/\/laurbedigital.com.ar\/noticias\/wp-json\/wp\/v2\/posts"}],"about":[{"href":"https:\/\/laurbedigital.com.ar\/noticias\/wp-json\/wp\/v2\/types\/post"}],"author":[{"embeddable":true,"href":"https:\/\/laurbedigital.com.ar\/noticias\/wp-json\/wp\/v2\/users\/1"}],"replies":[{"embeddable":true,"href":"https:\/\/laurbedigital.com.ar\/noticias\/wp-json\/wp\/v2\/comments?post=113731"}],"version-history":[{"count":1,"href":"https:\/\/laurbedigital.com.ar\/noticias\/wp-json\/wp\/v2\/posts\/113731\/revisions"}],"predecessor-version":[{"id":113733,"href":"https:\/\/laurbedigital.com.ar\/noticias\/wp-json\/wp\/v2\/posts\/113731\/revisions\/113733"}],"wp:featuredmedia":[{"embeddable":true,"href":"https:\/\/laurbedigital.com.ar\/noticias\/wp-json\/wp\/v2\/media\/113732"}],"wp:attachment":[{"href":"https:\/\/laurbedigital.com.ar\/noticias\/wp-json\/wp\/v2\/media?parent=113731"}],"wp:term":[{"taxonomy":"category","embeddable":true,"href":"https:\/\/laurbedigital.com.ar\/noticias\/wp-json\/wp\/v2\/categories?post=113731"},{"taxonomy":"post_tag","embeddable":true,"href":"https:\/\/laurbedigital.com.ar\/noticias\/wp-json\/wp\/v2\/tags?post=113731"}],"curies":[{"name":"wp","href":"https:\/\/api.w.org\/{rel}","templated":true}]}}