{"id":113729,"date":"2025-02-24T01:11:34","date_gmt":"2025-02-24T04:11:34","guid":{"rendered":"https:\/\/laurbedigital.com.ar\/noticias\/?p=113729"},"modified":"2025-02-24T01:11:34","modified_gmt":"2025-02-24T04:11:34","slug":"efemerides-del-24-de-febrero-que-se-celebra-2","status":"publish","type":"post","link":"https:\/\/laurbedigital.com.ar\/noticias\/2025\/02\/24\/efemerides-del-24-de-febrero-que-se-celebra-2\/","title":{"rendered":"Efem\u00e9rides del 24 de febrero: \u00bfqu\u00e9 se celebra?"},"content":{"rendered":"<p><strong>Cada 24 de febrero se celebran y conmemoran fechas que marcaron un antes y un despu\u00e9s tanto en Argentina como en el mundo.<\/strong><\/p>\n<p><b>1931\u00a0&#8211; ELADIA BL\u00c1ZQUEZ.\u00a0<\/b>Nace en la ciudad bonaerense de Gerli, la cantante de tangos Eladia Bl\u00e1zquez, considerada como la gran compositora de la canci\u00f3n porte\u00f1a.Gan\u00f3 dos premios Konex de platino.<\/p>\n<p><b>1936\u00a0&#8211; LUIS AGUIL\u00c9<\/b>. Nace en Buenos Aires el cantante de m\u00fasica rom\u00e1ntica Luis Aguil\u00e9 (Luis Mar\u00eda Aguilera Picca), quien alcanz\u00f3 gran popularidad en Latinoam\u00e9rica y Espa\u00f1a con m\u00e1s de 800 canciones grabadas a lo largo de su carrera.<\/p>\n<p><b>1938\u00a0&#8211; LIBERTAD LEBLANC<\/b>. Nace en la localidad rionegrina de Guardia Mitre la actriz y modelo Libertad Leblanc (Libertad Mar\u00eda de los \u00c1ngeles Vichich), quien se destac\u00f3 en las d\u00e9cadas de los a\u00f1os 60 y 70. Actu\u00f3 en 30 pel\u00edculas, entre ellas Acosada y La endemoniada.<\/p>\n<p><b>1943\u00a0&#8211; PABLO MILAN\u00c9S<\/b>. Nace en la localidad de Bayamo (Granma, Cuba) el compositor y cantante cubano Pablo Milan\u00e9s, fundador de la corriente musical Nueva Trova junto a Silvio Rodr\u00edguez y Noel Nicola. Es el autor de populares canciones como \u00abA\u00f1os\u00bb, \u00abYo no te pido\u00bb, y \u00abYolanda\u00bb, entre otras.<\/p>\n<p><b>1946\u00a0&#8211; JUAN D. PER\u00d3N.<\/b>\u00a0La f\u00f3rmula Juan Domingo Per\u00f3n-Hortensio Quijano gana las elecciones presidenciales de 1946 con el 52% de los votos. Per\u00f3n encabez\u00f3 la f\u00f3rmula de fuerzas pol\u00edticas creadas apenas unos meses antes: el Partido Laborista &#8211; fundado por sindicatos que lo apoyaban-, la Uni\u00f3n C\u00edvica Radical Junta Renovadora y el Partido Independiente.<\/p>\n<p><b>1955\u00a0&#8211; STEVE JOBS.<\/b>\u00a0Nace en la ciudad de San Francisco (California, EEUU) el empresario y magnate de la industria de la inform\u00e1tica Steve Jobs, cofundador de la innovadora tecnol\u00f3gica Apple Computer junto a su amigo Steve Wozniak. Fue el mayor accionista individual de The Walt Disney Company.<\/p>\n<p><b>1977\u00a0&#8211; FLOYD MAYWEATHER<\/b>. Nace en la ciudad de Grand Rapids (Michigan, EEUU) el boxeador estadounidense Floyd Mayweather ( Floyd Joy Sinclair), apodado \u201cMoney\u201d, uno de los mejores de la historia del pugilismo. Fue campe\u00f3n del mundo en las categor\u00edas superpluma, ligero, superligero, welter y superwelter.<\/p>\n<p><b>1991\u00a0&#8211; SABLE DEL DESIERTO<\/b>. Estados Unidos inicia una ofensiva terrestre y a\u00e9rea contra las tropas de Irak que hab\u00edan invadido Kuwait. La ofensiva militar, la mayor desde la Segunda Guerra Mundial, fue llamada \u201cSable del desierto\u201d y form\u00f3 parte de la ya iniciada Tormenta del Desierto.<\/p>\n<p><b>2014\u00a0&#8211; CARLOS P. VILAR\u00d3<\/b>. A la edad de 90 a\u00f1os muere en el balneario de Punta Ballena (Maldonado, Uruguay) el artista pl\u00e1stico y escultor uruguayo Carlos P\u00e1ez Vilar\u00f3, art\u00edfice de la \u201cescultura habitable\u201d Casapueblo, vecina al balneario de Punta del Este.<\/p>\n","protected":false},"excerpt":{"rendered":"<p>Cada 24 de febrero se celebran y conmemoran fechas que marcaron un antes y un despu\u00e9s tanto en Argentina como<\/p>\n","protected":false},"author":1,"featured_media":71171,"comment_status":"closed","ping_status":"closed","sticky":false,"template":"","format":"standard","meta":{"kia_subtitle":"Conoce los hechos m\u00e1s importantes que se recuerdan en esta fecha.","footnotes":"","jetpack_publicize_message":"","jetpack_publicize_feature_enabled":true,"jetpack_social_post_already_shared":true,"jetpack_social_options":{"image_generator_settings":{"template":"highway","default_image_id":0,"font":"","enabled":false},"version":2}},"categories":[5,2594],"tags":[],"class_list":["post-113729","post","type-post","status-publish","format-standard","has-post-thumbnail","hentry","category-cultura","category-efemerides"],"jetpack_publicize_connections":[],"jetpack_featured_media_url":"https:\/\/laurbedigital.com.ar\/noticias\/wp-content\/uploads\/2022\/02\/20220224-STEVE-JOBS.jpg","_links":{"self":[{"href":"https:\/\/laurbedigital.com.ar\/noticias\/wp-json\/wp\/v2\/posts\/113729","targetHints":{"allow":["GET"]}}],"collection":[{"href":"https:\/\/laurbedigital.com.ar\/noticias\/wp-json\/wp\/v2\/posts"}],"about":[{"href":"https:\/\/laurbedigital.com.ar\/noticias\/wp-json\/wp\/v2\/types\/post"}],"author":[{"embeddable":true,"href":"https:\/\/laurbedigital.com.ar\/noticias\/wp-json\/wp\/v2\/users\/1"}],"replies":[{"embeddable":true,"href":"https:\/\/laurbedigital.com.ar\/noticias\/wp-json\/wp\/v2\/comments?post=113729"}],"version-history":[{"count":1,"href":"https:\/\/laurbedigital.com.ar\/noticias\/wp-json\/wp\/v2\/posts\/113729\/revisions"}],"predecessor-version":[{"id":113730,"href":"https:\/\/laurbedigital.com.ar\/noticias\/wp-json\/wp\/v2\/posts\/113729\/revisions\/113730"}],"wp:featuredmedia":[{"embeddable":true,"href":"https:\/\/laurbedigital.com.ar\/noticias\/wp-json\/wp\/v2\/media\/71171"}],"wp:attachment":[{"href":"https:\/\/laurbedigital.com.ar\/noticias\/wp-json\/wp\/v2\/media?parent=113729"}],"wp:term":[{"taxonomy":"category","embeddable":true,"href":"https:\/\/laurbedigital.com.ar\/noticias\/wp-json\/wp\/v2\/categories?post=113729"},{"taxonomy":"post_tag","embeddable":true,"href":"https:\/\/laurbedigital.com.ar\/noticias\/wp-json\/wp\/v2\/tags?post=113729"}],"curies":[{"name":"wp","href":"https:\/\/api.w.org\/{rel}","templated":true}]}}