{"id":113691,"date":"2025-02-23T04:22:51","date_gmt":"2025-02-23T07:22:51","guid":{"rendered":"https:\/\/laurbedigital.com.ar\/noticias\/?p=113691"},"modified":"2025-02-23T04:22:51","modified_gmt":"2025-02-23T07:22:51","slug":"la-luz-ideal-para-trabajar-un-factor-clave-para-la-productividad","status":"publish","type":"post","link":"https:\/\/laurbedigital.com.ar\/noticias\/2025\/02\/23\/la-luz-ideal-para-trabajar-un-factor-clave-para-la-productividad\/","title":{"rendered":"La luz ideal para trabajar: un factor clave para la productividad"},"content":{"rendered":"<p>La luz es un elemento fundamental en cualquier espacio de trabajo, ya que influye en la concentraci\u00f3n, la fatiga visual y el estado de \u00e1nimo. En este contexto, surge un debate frecuente: \u00bfcu\u00e1l es la mejor opci\u00f3n para trabajar, la luz c\u00e1lida o la fr\u00eda? La respuesta est\u00e1 vinculada a factores como la actividad que se desarrolla, la disposici\u00f3n del lugar y las necesidades espec\u00edficas de cada persona.<\/p>\n<p>La temperatura de color, medida en Kelvin (K), define la tonalidad de la luz. Las luces c\u00e1lidas, con valores inferiores a 3.500K, generan un tono amarillo o dorado, proporcionando un ambiente acogedor y relajado. Son ideales para reuniones informales, espacios de descanso o zonas donde se busca fomentar la comunicaci\u00f3n y la tranquilidad. Este tipo de iluminaci\u00f3n se asocia con la reducci\u00f3n del estr\u00e9s y la promoci\u00f3n de un clima ameno.<\/p>\n<p>En contraste, las luces fr\u00edas, con temperaturas superiores a 4.000K, emiten un brillo azul similar a la luz natural del d\u00eda. Se recomiendan en oficinas y lugares donde se requiere precisi\u00f3n y concentraci\u00f3n, ya que reducen la fatiga ocular y favorecen el desempe\u00f1o en tareas detalladas. Adem\u00e1s, las luces LED fr\u00edas han demostrado aumentar la alerta mental, lo que las convierte en una opci\u00f3n preferida en entornos laborales modernos.<\/p>\n<p>Una estrategia eficaz para optimizar la iluminaci\u00f3n es combinar ambos tipos de luz. Durante el d\u00eda, la luz fr\u00eda puede potenciar la productividad, mientras que en las horas de la tarde o noche, una transici\u00f3n a luz c\u00e1lida contribuye a la relajaci\u00f3n y el bienestar. Asimismo, el uso de sistemas de iluminaci\u00f3n regulables permite adaptar el ambiente seg\u00fan la hora del d\u00eda o las necesidades espec\u00edficas del trabajador.<\/p>\n<p>En definitiva, no existe una \u00fanica respuesta a la elecci\u00f3n entre luz c\u00e1lida y fr\u00eda. La clave est\u00e1 en identificar el equilibrio adecuado seg\u00fan el tipo de actividad y la comodidad visual. Una correcta planificaci\u00f3n de la iluminaci\u00f3n no solo mejora el rendimiento laboral, sino que tambi\u00e9n contribuye a la salud y el bienestar general de los trabajadores.<\/p>\n","protected":false},"excerpt":{"rendered":"<p>La luz es un elemento fundamental en cualquier espacio de trabajo, ya que influye en la concentraci\u00f3n, la fatiga visual<\/p>\n","protected":false},"author":1,"featured_media":113692,"comment_status":"closed","ping_status":"closed","sticky":false,"template":"","format":"standard","meta":{"kia_subtitle":"La iluminaci\u00f3n en el entorno laboral impacta directamente en el rendimiento y el bienestar. Entre la luz c\u00e1lida y la fr\u00eda, la elecci\u00f3n adecuada depende del tipo de tareas y del ambiente que se desea generar.","footnotes":"","jetpack_publicize_message":"","jetpack_publicize_feature_enabled":true,"jetpack_social_post_already_shared":true,"jetpack_social_options":{"image_generator_settings":{"template":"highway","default_image_id":0,"font":"","enabled":false},"version":2}},"categories":[15],"tags":[],"class_list":["post-113691","post","type-post","status-publish","format-standard","has-post-thumbnail","hentry","category-tendencias"],"jetpack_publicize_connections":[],"jetpack_featured_media_url":"https:\/\/laurbedigital.com.ar\/noticias\/wp-content\/uploads\/2025\/02\/20250223-Luz.jpg","_links":{"self":[{"href":"https:\/\/laurbedigital.com.ar\/noticias\/wp-json\/wp\/v2\/posts\/113691","targetHints":{"allow":["GET"]}}],"collection":[{"href":"https:\/\/laurbedigital.com.ar\/noticias\/wp-json\/wp\/v2\/posts"}],"about":[{"href":"https:\/\/laurbedigital.com.ar\/noticias\/wp-json\/wp\/v2\/types\/post"}],"author":[{"embeddable":true,"href":"https:\/\/laurbedigital.com.ar\/noticias\/wp-json\/wp\/v2\/users\/1"}],"replies":[{"embeddable":true,"href":"https:\/\/laurbedigital.com.ar\/noticias\/wp-json\/wp\/v2\/comments?post=113691"}],"version-history":[{"count":1,"href":"https:\/\/laurbedigital.com.ar\/noticias\/wp-json\/wp\/v2\/posts\/113691\/revisions"}],"predecessor-version":[{"id":113693,"href":"https:\/\/laurbedigital.com.ar\/noticias\/wp-json\/wp\/v2\/posts\/113691\/revisions\/113693"}],"wp:featuredmedia":[{"embeddable":true,"href":"https:\/\/laurbedigital.com.ar\/noticias\/wp-json\/wp\/v2\/media\/113692"}],"wp:attachment":[{"href":"https:\/\/laurbedigital.com.ar\/noticias\/wp-json\/wp\/v2\/media?parent=113691"}],"wp:term":[{"taxonomy":"category","embeddable":true,"href":"https:\/\/laurbedigital.com.ar\/noticias\/wp-json\/wp\/v2\/categories?post=113691"},{"taxonomy":"post_tag","embeddable":true,"href":"https:\/\/laurbedigital.com.ar\/noticias\/wp-json\/wp\/v2\/tags?post=113691"}],"curies":[{"name":"wp","href":"https:\/\/api.w.org\/{rel}","templated":true}]}}