{"id":113684,"date":"2025-02-23T04:15:35","date_gmt":"2025-02-23T07:15:35","guid":{"rendered":"https:\/\/laurbedigital.com.ar\/noticias\/?p=113684"},"modified":"2025-02-23T04:15:35","modified_gmt":"2025-02-23T07:15:35","slug":"efemerides-del-23-de-febrero-2","status":"publish","type":"post","link":"https:\/\/laurbedigital.com.ar\/noticias\/2025\/02\/23\/efemerides-del-23-de-febrero-2\/","title":{"rendered":"Efem\u00e9rides del 23 de febrero"},"content":{"rendered":"<p><strong>Cada 23 de febrero se celebran y conmemoran fechas que marcaron un antes y un despu\u00e9s tanto en Argentina como en el mundo.<\/strong><\/p>\n<p><strong>1820<\/strong> &#8211; TRATADO DE PILAR. Las provincias de Buenos Aires, Entre R\u00edos y Santa Fe firman en la localidad bonaerense de Pilar un pacto por el que reconocen que forman parte de un mismo pa\u00eds con una constituci\u00f3n federal y un gobierno central. El Pacto de Pilar se firm\u00f3 luego de la derrota de tropas unitarias en la primera Batalla de Cepeda, el 1 de febrero de 1820.<\/p>\n<p><strong>1936<\/strong>\u00a0&#8211; NACE FEDERICO LUPPI. Nace en la ciudad bonaerense de Ramallo el actor Federico Jos\u00e9 Luppi, ganador de seis C\u00f3ndor de Plata, un Mart\u00edn Fierro y tres Konex, entre otros premios. Se destac\u00f3 por sus papeles protag\u00f3nicos en las pel\u00edculas Tiempo de revancha, \u00daltimos d\u00edas de la v\u00edctima, y Un lugar en el mundo. dirigidas por Adolfo Aristarain.<\/p>\n<p><strong>1958<\/strong>\u00a0&#8211; ARTURO FRONDIZI. El abogado radical intransigente Arturo Frondizi gana las primeras elecciones presidenciales luego del golpe de estado de 1955, que se celebraron con proscripci\u00f3n del peronismo. Frondizi, fundador del Desarrollismo, gobern\u00f3 desde el 1 de mayo de 1958 al 29 de marzo de 1962, cuando fue derrocado por un nuevo golpe de estado.<\/p>\n<p><strong>1958<\/strong>\u00a0&#8211; JUAN M. FANGIO. El piloto de automovilismo Juan Manuel Fangio, qu\u00edntuple campe\u00f3n mundial de F\u00f3rmula 1, es secuestrado por la guerrilla cubana en el Hotel Lincoln de La Habana en v\u00edsperas de disputar el Segundo Gran Premio de Cuba. \u00abMe hicieron un favor\u00bb, declar\u00f3 Fangio en referencia a que en la carrera que no pudo correr murieron seis personas en un accidente.<\/p>\n<p><strong>1967<\/strong>\u00a0&#8211; FALLECE PEPE ARIAS. A la edad de 67 a\u00f1os muere en Buenos Aires el actor y humorista Jos\u00e9 Pablo \u201cPepe\u201d Arias, estrella del teatro, el cine y la radio argentinos.<\/p>\n<p><strong>1978<\/strong>\u00a0&#8211; NACE REN\u00c9 P\u00c9REZ. El 23 de febrero nace en la ciudad de San Juan de Puerto Rico el m\u00fasico, compositor y cantante portorrique\u00f1o Ren\u00e9 P\u00e9rez, rapero popularmente como Residente, autor de destacadas letras que abarcan contenidos sociales y pol\u00edticos. Es el fundador de la banda Calle 13.<\/p>\n<p><strong>1991<\/strong>\u00a0&#8211; RA\u00daL ALFONS\u00cdN. El expresidente Ra\u00fal Alfons\u00edn sufre un tercer intento de asesinato, en este caso perpetrado por Ismael Abdal\u00e1, de 29 a\u00f1os, durante un acto proselitista en la ciudad bonaerense de San Nicol\u00e1s. Adbal\u00e1 le dispar\u00f3 a Alfons\u00edn con un rev\u00f3lver calibre 32, pero la bala estall\u00f3 en el tambor del arma. Alfons\u00edn sufri\u00f3 adem\u00e1s un intento de atentado con explosivos en mayo de 1986 y otro en octubre de 1989, cuando una bomba caus\u00f3 destrozos sin causar v\u00edctimas en el edificio porte\u00f1o donde resid\u00eda el exmandatario.<\/p>\n<p><strong>2010<\/strong> &#8211; FUNDACI\u00d3N DE LA CELAC. En la ciudad de Playa del Carmen (Quintana Roo, M\u00e9xico) el 23 de febrero se funda la Comunidad de Estados Latinoamericanos y Caribe\u00f1os (CELAC) para promover la Integraci\u00f3n y desarrollo de los pa\u00edses que la conforman.<\/p>\n","protected":false},"excerpt":{"rendered":"<p>Cada 23 de febrero se celebran y conmemoran fechas que marcaron un antes y un despu\u00e9s tanto en Argentina como<\/p>\n","protected":false},"author":1,"featured_media":88618,"comment_status":"closed","ping_status":"closed","sticky":false,"template":"","format":"standard","meta":{"kia_subtitle":"Conoce los hechos m\u00e1s importantes que se recuerdan en esta fecha.","footnotes":"","jetpack_publicize_message":"","jetpack_publicize_feature_enabled":true,"jetpack_social_post_already_shared":true,"jetpack_social_options":{"image_generator_settings":{"template":"highway","default_image_id":0,"font":"","enabled":false},"version":2}},"categories":[5,2594],"tags":[],"class_list":["post-113684","post","type-post","status-publish","format-standard","has-post-thumbnail","hentry","category-cultura","category-efemerides"],"jetpack_publicize_connections":[],"jetpack_featured_media_url":"https:\/\/laurbedigital.com.ar\/noticias\/wp-content\/uploads\/2023\/02\/20230223-rene.jpg","_links":{"self":[{"href":"https:\/\/laurbedigital.com.ar\/noticias\/wp-json\/wp\/v2\/posts\/113684","targetHints":{"allow":["GET"]}}],"collection":[{"href":"https:\/\/laurbedigital.com.ar\/noticias\/wp-json\/wp\/v2\/posts"}],"about":[{"href":"https:\/\/laurbedigital.com.ar\/noticias\/wp-json\/wp\/v2\/types\/post"}],"author":[{"embeddable":true,"href":"https:\/\/laurbedigital.com.ar\/noticias\/wp-json\/wp\/v2\/users\/1"}],"replies":[{"embeddable":true,"href":"https:\/\/laurbedigital.com.ar\/noticias\/wp-json\/wp\/v2\/comments?post=113684"}],"version-history":[{"count":1,"href":"https:\/\/laurbedigital.com.ar\/noticias\/wp-json\/wp\/v2\/posts\/113684\/revisions"}],"predecessor-version":[{"id":113685,"href":"https:\/\/laurbedigital.com.ar\/noticias\/wp-json\/wp\/v2\/posts\/113684\/revisions\/113685"}],"wp:featuredmedia":[{"embeddable":true,"href":"https:\/\/laurbedigital.com.ar\/noticias\/wp-json\/wp\/v2\/media\/88618"}],"wp:attachment":[{"href":"https:\/\/laurbedigital.com.ar\/noticias\/wp-json\/wp\/v2\/media?parent=113684"}],"wp:term":[{"taxonomy":"category","embeddable":true,"href":"https:\/\/laurbedigital.com.ar\/noticias\/wp-json\/wp\/v2\/categories?post=113684"},{"taxonomy":"post_tag","embeddable":true,"href":"https:\/\/laurbedigital.com.ar\/noticias\/wp-json\/wp\/v2\/tags?post=113684"}],"curies":[{"name":"wp","href":"https:\/\/api.w.org\/{rel}","templated":true}]}}