{"id":113638,"date":"2025-02-21T03:25:43","date_gmt":"2025-02-21T06:25:43","guid":{"rendered":"https:\/\/laurbedigital.com.ar\/noticias\/?p=113638"},"modified":"2025-02-21T03:25:43","modified_gmt":"2025-02-21T06:25:43","slug":"fuerte-suba-en-los-precios-de-los-alimentos-en-febrero","status":"publish","type":"post","link":"https:\/\/laurbedigital.com.ar\/noticias\/2025\/02\/21\/fuerte-suba-en-los-precios-de-los-alimentos-en-febrero\/","title":{"rendered":"Fuerte suba en los precios de los alimentos en febrero"},"content":{"rendered":"<p>Los precios de los alimentos experimentaron un fuerte incremento en la tercera semana de febrero, con una suba del 1,8% en promedio, seg\u00fan un informe de la consultora LCG. Este aumento representa la segunda mayor alza desde junio del a\u00f1o pasado y marca un cambio de tendencia tras la leve baja del 0,1% en la semana anterior.<\/p>\n<p>El rubro que lider\u00f3 el aumento fue el de bebidas e infusiones, con una suba del 5,2%, lo que tuvo un impacto significativo en el promedio general. En segundo lugar, los productos l\u00e1cteos y los huevos se incrementaron un 2,6%, mientras que las carnes mostraron un aumento del 2,1%. Este \u00faltimo sector mantiene una tendencia alcista sostenida, con un incremento acumulado del 4,7% en las \u00faltimas cuatro semanas.<\/p>\n<p>Otros rubros tambi\u00e9n reflejaron subas, aunque en menor medida. Los productos de panificaci\u00f3n, cereales y pastas aumentaron un 1%, los condimentos y otros alimentos un 0,9%, y las verduras un 0,7%. En tanto, los aceites y las comidas listas para llevar registraron aumentos m\u00e1s leves, del 0,2% y 0,3% respectivamente.<\/p>\n<p>En contrapartida, algunos productos mostraron descensos en sus precios. Las frutas bajaron un 1,1%, mientras que el rubro de az\u00facar, miel, dulces y cacao sufri\u00f3 una ca\u00edda m\u00e1s pronunciada del 4,8%.<\/p>\n<p>Este repunte en la inflaci\u00f3n de alimentos se da en un contexto de contracci\u00f3n del consumo masivo. De acuerdo con datos de la consultora Scentia, en enero el consumo en supermercados y comercios de barrio disminuy\u00f3 un 10,6% en comparaci\u00f3n con el mismo mes del a\u00f1o anterior. El encarecimiento de los productos b\u00e1sicos podr\u00eda seguir afectando el poder adquisitivo de los hogares, profundizando la ca\u00edda en las ventas y el acceso a bienes esenciales.<\/p>\n","protected":false},"excerpt":{"rendered":"<p>Los precios de los alimentos experimentaron un fuerte incremento en la tercera semana de febrero, con una suba del 1,8%<\/p>\n","protected":false},"author":1,"featured_media":113633,"comment_status":"closed","ping_status":"closed","sticky":false,"template":"","format":"standard","meta":{"kia_subtitle":"La tercera semana de febrero registr\u00f3 la mayor alza en alimentos y bebidas desde junio de 2024, impulsada por el aumento en bebidas, l\u00e1cteos y carnes.","footnotes":"","jetpack_publicize_message":"","jetpack_publicize_feature_enabled":true,"jetpack_social_post_already_shared":true,"jetpack_social_options":{"image_generator_settings":{"template":"highway","default_image_id":0,"font":"","enabled":false},"version":2}},"categories":[3,41],"tags":[],"class_list":["post-113638","post","type-post","status-publish","format-standard","has-post-thumbnail","hentry","category-actualidad","category-nacionales"],"jetpack_publicize_connections":[],"jetpack_featured_media_url":"https:\/\/laurbedigital.com.ar\/noticias\/wp-content\/uploads\/2025\/02\/20250221-Supermercado.jpg","_links":{"self":[{"href":"https:\/\/laurbedigital.com.ar\/noticias\/wp-json\/wp\/v2\/posts\/113638","targetHints":{"allow":["GET"]}}],"collection":[{"href":"https:\/\/laurbedigital.com.ar\/noticias\/wp-json\/wp\/v2\/posts"}],"about":[{"href":"https:\/\/laurbedigital.com.ar\/noticias\/wp-json\/wp\/v2\/types\/post"}],"author":[{"embeddable":true,"href":"https:\/\/laurbedigital.com.ar\/noticias\/wp-json\/wp\/v2\/users\/1"}],"replies":[{"embeddable":true,"href":"https:\/\/laurbedigital.com.ar\/noticias\/wp-json\/wp\/v2\/comments?post=113638"}],"version-history":[{"count":2,"href":"https:\/\/laurbedigital.com.ar\/noticias\/wp-json\/wp\/v2\/posts\/113638\/revisions"}],"predecessor-version":[{"id":113640,"href":"https:\/\/laurbedigital.com.ar\/noticias\/wp-json\/wp\/v2\/posts\/113638\/revisions\/113640"}],"wp:featuredmedia":[{"embeddable":true,"href":"https:\/\/laurbedigital.com.ar\/noticias\/wp-json\/wp\/v2\/media\/113633"}],"wp:attachment":[{"href":"https:\/\/laurbedigital.com.ar\/noticias\/wp-json\/wp\/v2\/media?parent=113638"}],"wp:term":[{"taxonomy":"category","embeddable":true,"href":"https:\/\/laurbedigital.com.ar\/noticias\/wp-json\/wp\/v2\/categories?post=113638"},{"taxonomy":"post_tag","embeddable":true,"href":"https:\/\/laurbedigital.com.ar\/noticias\/wp-json\/wp\/v2\/tags?post=113638"}],"curies":[{"name":"wp","href":"https:\/\/api.w.org\/{rel}","templated":true}]}}