{"id":113629,"date":"2025-02-21T03:19:27","date_gmt":"2025-02-21T06:19:27","guid":{"rendered":"https:\/\/laurbedigital.com.ar\/noticias\/?p=113629"},"modified":"2025-02-21T03:19:27","modified_gmt":"2025-02-21T06:19:27","slug":"docentes-anuncian-paro-nacional-y-peligran-las-clases-en-2025","status":"publish","type":"post","link":"https:\/\/laurbedigital.com.ar\/noticias\/2025\/02\/21\/docentes-anuncian-paro-nacional-y-peligran-las-clases-en-2025\/","title":{"rendered":"Docentes anuncian paro nacional y peligran las clases en 2025"},"content":{"rendered":"<p>Los sindicatos de la educaci\u00f3n nucleados en la CGT, entre ellos la Uni\u00f3n Docentes Argentinos (UDA), la Asociaci\u00f3n del Magisterio de Ense\u00f1anza T\u00e9cnica (AMET) y la Confederaci\u00f3n de Educadores Argentinos (CEA), anunciaron medidas de fuerza para el 24 de febrero y el 5 de marzo de 2025. La decisi\u00f3n responde a la ausencia de negociaciones salariales desde julio de 2024, cuando el Gobierno fij\u00f3 de manera unilateral un salario m\u00ednimo docente de $420.000, cifra que hoy se encuentra por debajo de la l\u00ednea de indigencia.<\/p>\n<p>\u00abNo aceptamos la propuesta del Gobierno y firmaron una resoluci\u00f3n imponi\u00e9ndola sin discusi\u00f3n\u00bb, denunci\u00f3 Sergio Romero, titular de UDA, subrayando la falta de di\u00e1logo entre las partes.<\/p>\n<p>El paro tendr\u00e1 un impacto significativo en al menos 19 provincias, afectando el comienzo de clases en distintas jurisdicciones. En distritos como Chubut, C\u00f3rdoba, Corrientes, Entre R\u00edos, Formosa, Jujuy, Mendoza, Salta, San Juan, San Luis, Santa Cruz, Santa Fe y la Ciudad de Buenos Aires, las actividades escolares estaban programadas para el 24 de febrero. En tanto, Buenos Aires, Catamarca, La Rioja, Misiones, R\u00edo Negro, Santiago del Estero, Tierra del Fuego y Tucum\u00e1n ten\u00edan previsto iniciar el ciclo lectivo el 5 de marzo.<\/p>\n<p>Ante la creciente tensi\u00f3n, el Gobierno convoc\u00f3 a la Mesa del Salario M\u00ednimo Docente para el 24 de febrero a las 15 horas en la Secretar\u00eda de Trabajo. La reuni\u00f3n contar\u00e1 con la participaci\u00f3n de gremios nacionales, ministros provinciales de Educaci\u00f3n y representantes de escuelas privadas, en un intento de destrabar el conflicto antes de la fecha establecida para el paro.<\/p>\n<p>Desde los sindicatos advierten que, de no lograrse avances concretos en la negociaci\u00f3n, las medidas de fuerza podr\u00edan extenderse a lo largo del a\u00f1o. \u00abSi el Gobierno sigue neg\u00e1ndose al di\u00e1logo, el conflicto va a continuar\u00bb, advirti\u00f3 Romero, dejando abierta la posibilidad de nuevos paros y movilizaciones.<\/p>\n<p>El escenario plantea un desaf\u00edo no solo para los docentes, sino tambi\u00e9n para miles de familias que esperan el inicio de clases con incertidumbre. Con un sector educativo cada vez m\u00e1s movilizado, el desenlace del conflicto depender\u00e1 de la capacidad de ambas partes para alcanzar un acuerdo que garantice salarios dignos y el normal desarrollo del ciclo lectivo.<\/p>\n","protected":false},"excerpt":{"rendered":"<p>Los sindicatos de la educaci\u00f3n nucleados en la CGT, entre ellos la Uni\u00f3n Docentes Argentinos (UDA), la Asociaci\u00f3n del Magisterio<\/p>\n","protected":false},"author":1,"featured_media":113632,"comment_status":"closed","ping_status":"closed","sticky":false,"template":"","format":"standard","meta":{"kia_subtitle":"Los gremios docentes confirmaron dos jornadas de paro nacional debido a la falta de negociaciones paritarias, lo que podr\u00eda afectar el inicio del ciclo lectivo en varias provincias.","footnotes":"","jetpack_publicize_message":"","jetpack_publicize_feature_enabled":true,"jetpack_social_post_already_shared":true,"jetpack_social_options":{"image_generator_settings":{"template":"highway","default_image_id":0,"font":"","enabled":false},"version":2}},"categories":[3,41],"tags":[],"class_list":["post-113629","post","type-post","status-publish","format-standard","has-post-thumbnail","hentry","category-actualidad","category-nacionales"],"jetpack_publicize_connections":[],"jetpack_featured_media_url":"https:\/\/laurbedigital.com.ar\/noticias\/wp-content\/uploads\/2025\/02\/20250221-Paritarias-apertura.jpg","_links":{"self":[{"href":"https:\/\/laurbedigital.com.ar\/noticias\/wp-json\/wp\/v2\/posts\/113629","targetHints":{"allow":["GET"]}}],"collection":[{"href":"https:\/\/laurbedigital.com.ar\/noticias\/wp-json\/wp\/v2\/posts"}],"about":[{"href":"https:\/\/laurbedigital.com.ar\/noticias\/wp-json\/wp\/v2\/types\/post"}],"author":[{"embeddable":true,"href":"https:\/\/laurbedigital.com.ar\/noticias\/wp-json\/wp\/v2\/users\/1"}],"replies":[{"embeddable":true,"href":"https:\/\/laurbedigital.com.ar\/noticias\/wp-json\/wp\/v2\/comments?post=113629"}],"version-history":[{"count":2,"href":"https:\/\/laurbedigital.com.ar\/noticias\/wp-json\/wp\/v2\/posts\/113629\/revisions"}],"predecessor-version":[{"id":113635,"href":"https:\/\/laurbedigital.com.ar\/noticias\/wp-json\/wp\/v2\/posts\/113629\/revisions\/113635"}],"wp:featuredmedia":[{"embeddable":true,"href":"https:\/\/laurbedigital.com.ar\/noticias\/wp-json\/wp\/v2\/media\/113632"}],"wp:attachment":[{"href":"https:\/\/laurbedigital.com.ar\/noticias\/wp-json\/wp\/v2\/media?parent=113629"}],"wp:term":[{"taxonomy":"category","embeddable":true,"href":"https:\/\/laurbedigital.com.ar\/noticias\/wp-json\/wp\/v2\/categories?post=113629"},{"taxonomy":"post_tag","embeddable":true,"href":"https:\/\/laurbedigital.com.ar\/noticias\/wp-json\/wp\/v2\/tags?post=113629"}],"curies":[{"name":"wp","href":"https:\/\/api.w.org\/{rel}","templated":true}]}}