{"id":113626,"date":"2025-02-21T02:41:01","date_gmt":"2025-02-21T05:41:01","guid":{"rendered":"https:\/\/laurbedigital.com.ar\/noticias\/?p=113626"},"modified":"2025-02-21T02:41:01","modified_gmt":"2025-02-21T05:41:01","slug":"efemerides-del-21-de-febrero-que-se-celebra-hoy-2","status":"publish","type":"post","link":"https:\/\/laurbedigital.com.ar\/noticias\/2025\/02\/21\/efemerides-del-21-de-febrero-que-se-celebra-hoy-2\/","title":{"rendered":"Efem\u00e9rides del 21 de febrero: \u00bfqu\u00e9 se celebra hoy?"},"content":{"rendered":"<p><strong>Conoc\u00e9 las efem\u00e9rides de hoy, 21 de febrero. Cu\u00e1les son los acontecimientos m\u00e1s importantes que se recuerdan.<\/strong><\/p>\n<p><b>1893\u00a0\u2013 Argentine Association Football League<\/b>. Se funda la antecesora de la Asociaci\u00f3n del F\u00fatbol Argentino, la tercera liga del mundo en ser creada despu\u00e9s de la brit\u00e1nica y la holandesa.<\/p>\n<p><b>1848\u00a0\u2013 Manifiesto del Partido Comunista.<\/b>\u00a0Por primera vez es publicado. Se da en Londres luego de ser escrito por Karl Marx y Federico Engels. La primera edici\u00f3n fue s\u00f3lo en lengua alemana.<\/p>\n<p><b>1933\u00a0<\/b>&#8211;\u00a0<b>Nina Simone.<\/b> Nace en Estados Unidos Nina Simone cantante, compositora y pianista de jazz y rhythm and blues. Consagrada en todo el mundo, s\u00edmbolo de la m\u00fasica negra y de la lucha contra el racismo.<\/p>\n<p><b>1947\u00a0\u2013 C\u00e1mara Instant\u00e1nea.<\/b> Nace en Estados Unidos la \u201cc\u00e1mara instant\u00e1nea \u201cque revela una imagen en solo 60 segundos, invento dar\u00eda el puntapi\u00e9 inicial de la fotograf\u00eda digital. Fue creada por Edwin Land cient\u00edfico e inventor.<\/p>\n<p><b>1965\u00a0\u2013 Malcom X<\/b>. Fue asesinado en Nueva York durante un discurso p\u00fablico. Con solo 40 a\u00f1os fue un firme defensor de los derechos de los afroestadounidenses y musulmanes.<\/p>\n<p><b>1929\u00a0\u2013 Nace en M\u00e9xico Roberto G\u00f3mez Bola\u00f1os.<\/b>\u00a0El actor<b>\u00a0<\/b>conocido en todo el mundo como \u00abChespirito\u00bb, que populariz\u00f3 series como \u00abEl Chavo del ocho\u00bb y \u201cEl Chapul\u00edn Colorado\u201d. Fue actor y productor.<\/p>\n<p><b>1877\u00a0\u2013 Nace Enrique Mosconi,<\/b>\u00a0militar e ingeniero civil , pionero en la exploraci\u00f3n y explotaci\u00f3n de petr\u00f3leo en la Argentina. Fue impulsor de la creaci\u00f3n de YPF, como as\u00ed tambi\u00e9n su primer presidente.<\/p>\n<p><b>1960\u00a0\u2013 Primer Festival Internacional de la canci\u00f3n de Vi\u00f1a del Mar.<\/b>\u00a0Se lleva a cabo en Chile uno de los festivales m\u00e1s importante del continente american que se desarrolla durante seis jornadas en el anfiteatro ubicado en la Quinta Vergara.<\/p>\n<p><b>2008\u00a0<\/b>&#8211; Sale a la venta, en castellano, el \u00faltimo libro de la saga de\u00a0<b>Harry Potter<\/b>, Harry Potter y las reliquias de la muerte, de la escritora J. K. Rowling.<\/p>\n","protected":false},"excerpt":{"rendered":"<p>Conoc\u00e9 las efem\u00e9rides de hoy, 21 de febrero. Cu\u00e1les son los acontecimientos m\u00e1s importantes que se recuerdan. 1893\u00a0\u2013 Argentine Association<\/p>\n","protected":false},"author":1,"featured_media":88562,"comment_status":"closed","ping_status":"closed","sticky":false,"template":"","format":"standard","meta":{"kia_subtitle":"Conoce los hechos m\u00e1s importantes que se recuerdan en esta fecha.","footnotes":"","jetpack_publicize_message":"","jetpack_publicize_feature_enabled":true,"jetpack_social_post_already_shared":true,"jetpack_social_options":{"image_generator_settings":{"template":"highway","default_image_id":0,"font":"","enabled":false},"version":2}},"categories":[5,2594],"tags":[],"class_list":["post-113626","post","type-post","status-publish","format-standard","has-post-thumbnail","hentry","category-cultura","category-efemerides"],"jetpack_publicize_connections":[],"jetpack_featured_media_url":"https:\/\/laurbedigital.com.ar\/noticias\/wp-content\/uploads\/2023\/02\/20230221-Harry-Potter.jpg","_links":{"self":[{"href":"https:\/\/laurbedigital.com.ar\/noticias\/wp-json\/wp\/v2\/posts\/113626","targetHints":{"allow":["GET"]}}],"collection":[{"href":"https:\/\/laurbedigital.com.ar\/noticias\/wp-json\/wp\/v2\/posts"}],"about":[{"href":"https:\/\/laurbedigital.com.ar\/noticias\/wp-json\/wp\/v2\/types\/post"}],"author":[{"embeddable":true,"href":"https:\/\/laurbedigital.com.ar\/noticias\/wp-json\/wp\/v2\/users\/1"}],"replies":[{"embeddable":true,"href":"https:\/\/laurbedigital.com.ar\/noticias\/wp-json\/wp\/v2\/comments?post=113626"}],"version-history":[{"count":1,"href":"https:\/\/laurbedigital.com.ar\/noticias\/wp-json\/wp\/v2\/posts\/113626\/revisions"}],"predecessor-version":[{"id":113627,"href":"https:\/\/laurbedigital.com.ar\/noticias\/wp-json\/wp\/v2\/posts\/113626\/revisions\/113627"}],"wp:featuredmedia":[{"embeddable":true,"href":"https:\/\/laurbedigital.com.ar\/noticias\/wp-json\/wp\/v2\/media\/88562"}],"wp:attachment":[{"href":"https:\/\/laurbedigital.com.ar\/noticias\/wp-json\/wp\/v2\/media?parent=113626"}],"wp:term":[{"taxonomy":"category","embeddable":true,"href":"https:\/\/laurbedigital.com.ar\/noticias\/wp-json\/wp\/v2\/categories?post=113626"},{"taxonomy":"post_tag","embeddable":true,"href":"https:\/\/laurbedigital.com.ar\/noticias\/wp-json\/wp\/v2\/tags?post=113626"}],"curies":[{"name":"wp","href":"https:\/\/api.w.org\/{rel}","templated":true}]}}