{"id":113624,"date":"2025-02-21T02:41:17","date_gmt":"2025-02-21T05:41:17","guid":{"rendered":"https:\/\/laurbedigital.com.ar\/noticias\/?p=113624"},"modified":"2025-02-21T02:41:17","modified_gmt":"2025-02-21T05:41:17","slug":"la-riqueza-de-la-lengua-materna-en-un-mundo-globalizado","status":"publish","type":"post","link":"https:\/\/laurbedigital.com.ar\/noticias\/2025\/02\/21\/la-riqueza-de-la-lengua-materna-en-un-mundo-globalizado\/","title":{"rendered":"La riqueza de la lengua materna en un mundo globalizado"},"content":{"rendered":"<p>La lengua materna es el primer contacto del ser humano con el mundo. A trav\u00e9s de ella, no solo se adquieren conocimientos, sino que se estructura el pensamiento y se transmite la historia de generaciones. Sin embargo, seg\u00fan datos de la UNESCO, <strong>cada dos semanas desaparece un idioma<\/strong>, lo que significa la p\u00e9rdida de un vasto acervo cultural.<\/p>\n<p>En Argentina, conviven el espa\u00f1ol y m\u00faltiples lenguas originarias, como el quechua, el guaran\u00ed y el mapudungun. Aunque en los \u00faltimos a\u00f1os ha habido avances en el reconocimiento y ense\u00f1anza de estas lenguas, muchas a\u00fan enfrentan un proceso de desplazamiento frente a idiomas hegem\u00f3nicos. La falta de pol\u00edticas efectivas de ense\u00f1anza biling\u00fce y la escasa presencia en medios de comunicaci\u00f3n son algunos de los desaf\u00edos para su preservaci\u00f3n.<\/p>\n<p>El acceso a la educaci\u00f3n en la lengua materna es clave para el desarrollo cognitivo y social de los ni\u00f1os. Seg\u00fan estudios, aquellos que aprenden en su idioma de origen tienen un mejor desempe\u00f1o acad\u00e9mico y mayor autoestima. A pesar de esto, millones de ni\u00f1os en el mundo a\u00fan reciben ense\u00f1anza en lenguas que no comprenden completamente, lo que limita sus oportunidades de aprendizaje.<\/p>\n<p>El avance de la globalizaci\u00f3n y la hegemon\u00eda de ciertos idiomas, como el ingl\u00e9s, han generado preocupaciones sobre la homogeneizaci\u00f3n ling\u00fc\u00edstica. Si bien el conocimiento de lenguas extranjeras abre puertas en el \u00e1mbito laboral y acad\u00e9mico, <strong>su expansi\u00f3n no deber\u00eda darse a costa del debilitamiento de las lenguas minoritarias<\/strong>. La diversidad ling\u00fc\u00edstica no solo es un derecho cultural, sino tambi\u00e9n un elemento clave para la creatividad, la innovaci\u00f3n y la construcci\u00f3n de sociedades inclusivas.<\/p>\n<p>Conservar la lengua materna implica promover su ense\u00f1anza, fomentar su uso en espacios p\u00fablicos y garantizar su presencia en medios de comunicaci\u00f3n. Desde la literatura hasta las redes sociales, cada iniciativa que impulse el uso de lenguas originarias contribuye a su fortalecimiento.<\/p>\n<p>El D\u00eda Internacional de la Lengua Materna nos recuerda que el idioma es m\u00e1s que un medio de comunicaci\u00f3n: es memoria, identidad y patrimonio. Protegerlo es una responsabilidad compartida que trasciende fronteras y generaciones.<\/p>\n","protected":false},"excerpt":{"rendered":"<p>La lengua materna es el primer contacto del ser humano con el mundo. A trav\u00e9s de ella, no solo se<\/p>\n","protected":false},"author":1,"featured_media":113625,"comment_status":"closed","ping_status":"closed","sticky":false,"template":"","format":"standard","meta":{"kia_subtitle":"Cada 21 de febrero, el mundo conmemora el D\u00eda Internacional de la Lengua Materna, una fecha instaurada por la UNESCO en 1999 para promover la diversidad ling\u00fc\u00edstica y el multiling\u00fcismo. M\u00e1s que una efem\u00e9ride, es una oportunidad para reflexionar sobre el papel fundamental que juega la lengua materna en la identidad, la educaci\u00f3n y la preservaci\u00f3n de las culturas.","footnotes":"","jetpack_publicize_message":"","jetpack_publicize_feature_enabled":true,"jetpack_social_post_already_shared":true,"jetpack_social_options":{"image_generator_settings":{"template":"highway","default_image_id":0,"font":"","enabled":false},"version":2}},"categories":[5,2594],"tags":[],"class_list":["post-113624","post","type-post","status-publish","format-standard","has-post-thumbnail","hentry","category-cultura","category-efemerides"],"jetpack_publicize_connections":[],"jetpack_featured_media_url":"https:\/\/laurbedigital.com.ar\/noticias\/wp-content\/uploads\/2025\/02\/20250221-Lengua-materna.jpg","_links":{"self":[{"href":"https:\/\/laurbedigital.com.ar\/noticias\/wp-json\/wp\/v2\/posts\/113624","targetHints":{"allow":["GET"]}}],"collection":[{"href":"https:\/\/laurbedigital.com.ar\/noticias\/wp-json\/wp\/v2\/posts"}],"about":[{"href":"https:\/\/laurbedigital.com.ar\/noticias\/wp-json\/wp\/v2\/types\/post"}],"author":[{"embeddable":true,"href":"https:\/\/laurbedigital.com.ar\/noticias\/wp-json\/wp\/v2\/users\/1"}],"replies":[{"embeddable":true,"href":"https:\/\/laurbedigital.com.ar\/noticias\/wp-json\/wp\/v2\/comments?post=113624"}],"version-history":[{"count":1,"href":"https:\/\/laurbedigital.com.ar\/noticias\/wp-json\/wp\/v2\/posts\/113624\/revisions"}],"predecessor-version":[{"id":113628,"href":"https:\/\/laurbedigital.com.ar\/noticias\/wp-json\/wp\/v2\/posts\/113624\/revisions\/113628"}],"wp:featuredmedia":[{"embeddable":true,"href":"https:\/\/laurbedigital.com.ar\/noticias\/wp-json\/wp\/v2\/media\/113625"}],"wp:attachment":[{"href":"https:\/\/laurbedigital.com.ar\/noticias\/wp-json\/wp\/v2\/media?parent=113624"}],"wp:term":[{"taxonomy":"category","embeddable":true,"href":"https:\/\/laurbedigital.com.ar\/noticias\/wp-json\/wp\/v2\/categories?post=113624"},{"taxonomy":"post_tag","embeddable":true,"href":"https:\/\/laurbedigital.com.ar\/noticias\/wp-json\/wp\/v2\/tags?post=113624"}],"curies":[{"name":"wp","href":"https:\/\/api.w.org\/{rel}","templated":true}]}}