{"id":113605,"date":"2025-02-20T03:31:26","date_gmt":"2025-02-20T06:31:26","guid":{"rendered":"https:\/\/laurbedigital.com.ar\/noticias\/?p=113605"},"modified":"2025-02-20T03:31:26","modified_gmt":"2025-02-20T06:31:26","slug":"perpetua-firme-para-nicolas-pachelo-el-cierre-judicial-del-crimen-de-maria-marta-garcia-belsunce","status":"publish","type":"post","link":"https:\/\/laurbedigital.com.ar\/noticias\/2025\/02\/20\/perpetua-firme-para-nicolas-pachelo-el-cierre-judicial-del-crimen-de-maria-marta-garcia-belsunce\/","title":{"rendered":"Perpetua firme para Nicol\u00e1s Pachelo: el cierre judicial del crimen de Mar\u00eda Marta Garc\u00eda Belsunce"},"content":{"rendered":"<p data-start=\"395\" data-end=\"761\">A m\u00e1s de dos d\u00e9cadas del brutal asesinato de Mar\u00eda Marta Garc\u00eda Belsunce en el country Carmel de Pilar, la Justicia argentina cerr\u00f3 definitivamente el caso. La C\u00e1mara de Casaci\u00f3n Penal confirm\u00f3 la pena de prisi\u00f3n perpetua para Nicol\u00e1s Pachelo, considerado responsable del crimen, desestimando el \u00faltimo intento de su defensa por revertir la condena.<\/p>\n<p data-start=\"763\" data-end=\"1160\">La resoluci\u00f3n, firmada por los jueces Manuel Alberto Bouchoux y Fernando Jorge Mateos, rechaz\u00f3 el recurso presentado por la defensa de Pachelo, que solicitaba la absoluci\u00f3n y la prescripci\u00f3n de la acci\u00f3n penal. Los magistrados consideraron que las pruebas acumuladas y los testimonios recogidos durante la investigaci\u00f3n fueron suficientes para sostener la culpabilidad del acusado.<\/p>\n<p data-start=\"1162\" data-end=\"1548\">La defensa hab\u00eda argumentado la supuesta arbitrariedad del fallo y la falta de evidencia directa sobre el robo de un cofre de dinero perteneciente a la Asociaci\u00f3n Amigos del Pilar, que habr\u00eda sido el m\u00f3vil del crimen. Sin embargo, la C\u00e1mara desestim\u00f3 estos planteos y valid\u00f3 la calificaci\u00f3n de \u00abrobo agravado por el uso de arma en concurso real con homicidio criminis causa agravado\u00bb.<\/p>\n<p data-start=\"1550\" data-end=\"1945\">El fallo se basa, entre otras pruebas, en testimonios que ubican a Pachelo en la escena del crimen y en su historial delictivo. Pachelo hab\u00eda sido previamente condenado por el hurto de 47 palos de golf a vecinos del country y por otros robos cometidos bajo un modus operandi que inclu\u00eda sustraer llaves de las casas a las que ingresaba como invitado, para luego regresar y concretar los robos.<\/p>\n<p data-start=\"1947\" data-end=\"2212\">El caso Garc\u00eda Belsunce se convirti\u00f3 en uno de los cr\u00edmenes m\u00e1s medi\u00e1ticos del pa\u00eds, rodeado de hip\u00f3tesis, controversias judiciales y un extenso proceso que dur\u00f3 m\u00e1s de 20 a\u00f1os. La condena firme contra Pachelo pone punto final a d\u00e9cadas de dudas y especulaciones.<\/p>\n<p data-start=\"2214\" data-end=\"2627\" data-is-last-node=\"\" data-is-only-node=\"\">Con la decisi\u00f3n de la C\u00e1mara de Casaci\u00f3n Penal, la Justicia dio por cerrado uno de los casos m\u00e1s resonantes de la historia criminal argentina. La condena a perpetua para Nicol\u00e1s Pachelo no solo marca el fin de un extenso camino judicial, sino tambi\u00e9n un acto de reparaci\u00f3n para la familia de Mar\u00eda Marta Garc\u00eda Belsunce, que luch\u00f3 incansablemente por esclarecer la verdad tras su tr\u00e1gica muerte.<\/p>\n","protected":false},"excerpt":{"rendered":"<p>A m\u00e1s de dos d\u00e9cadas del brutal asesinato de Mar\u00eda Marta Garc\u00eda Belsunce en el country Carmel de Pilar, la<\/p>\n","protected":false},"author":1,"featured_media":85773,"comment_status":"closed","ping_status":"closed","sticky":false,"template":"","format":"standard","meta":{"kia_subtitle":"La C\u00e1mara de Casaci\u00f3n Penal confirm\u00f3 la condena a prisi\u00f3n perpetua para Nicol\u00e1s Pachelo por el asesinato de Mar\u00eda Marta Garc\u00eda Belsunce en 2002, rechazando los argumentos de la defensa y poniendo fin a uno de los casos criminales m\u00e1s emblem\u00e1ticos de Argentina.","footnotes":"","jetpack_publicize_message":"","jetpack_publicize_feature_enabled":true,"jetpack_social_post_already_shared":true,"jetpack_social_options":{"image_generator_settings":{"template":"highway","default_image_id":0,"font":"","enabled":false},"version":2}},"categories":[8],"tags":[],"class_list":["post-113605","post","type-post","status-publish","format-standard","has-post-thumbnail","hentry","category-policiales"],"jetpack_publicize_connections":[],"jetpack_featured_media_url":"https:\/\/laurbedigital.com.ar\/noticias\/wp-content\/uploads\/2022\/12\/20221203-pachelo.jpg","_links":{"self":[{"href":"https:\/\/laurbedigital.com.ar\/noticias\/wp-json\/wp\/v2\/posts\/113605","targetHints":{"allow":["GET"]}}],"collection":[{"href":"https:\/\/laurbedigital.com.ar\/noticias\/wp-json\/wp\/v2\/posts"}],"about":[{"href":"https:\/\/laurbedigital.com.ar\/noticias\/wp-json\/wp\/v2\/types\/post"}],"author":[{"embeddable":true,"href":"https:\/\/laurbedigital.com.ar\/noticias\/wp-json\/wp\/v2\/users\/1"}],"replies":[{"embeddable":true,"href":"https:\/\/laurbedigital.com.ar\/noticias\/wp-json\/wp\/v2\/comments?post=113605"}],"version-history":[{"count":1,"href":"https:\/\/laurbedigital.com.ar\/noticias\/wp-json\/wp\/v2\/posts\/113605\/revisions"}],"predecessor-version":[{"id":113606,"href":"https:\/\/laurbedigital.com.ar\/noticias\/wp-json\/wp\/v2\/posts\/113605\/revisions\/113606"}],"wp:featuredmedia":[{"embeddable":true,"href":"https:\/\/laurbedigital.com.ar\/noticias\/wp-json\/wp\/v2\/media\/85773"}],"wp:attachment":[{"href":"https:\/\/laurbedigital.com.ar\/noticias\/wp-json\/wp\/v2\/media?parent=113605"}],"wp:term":[{"taxonomy":"category","embeddable":true,"href":"https:\/\/laurbedigital.com.ar\/noticias\/wp-json\/wp\/v2\/categories?post=113605"},{"taxonomy":"post_tag","embeddable":true,"href":"https:\/\/laurbedigital.com.ar\/noticias\/wp-json\/wp\/v2\/tags?post=113605"}],"curies":[{"name":"wp","href":"https:\/\/api.w.org\/{rel}","templated":true}]}}