{"id":113571,"date":"2025-02-19T00:39:26","date_gmt":"2025-02-19T03:39:26","guid":{"rendered":"https:\/\/laurbedigital.com.ar\/noticias\/?p=113571"},"modified":"2025-02-19T00:39:26","modified_gmt":"2025-02-19T03:39:26","slug":"el-descontento-con-milei-crece-la-pobreza-y-la-corrupcion-en-aumento","status":"publish","type":"post","link":"https:\/\/laurbedigital.com.ar\/noticias\/2025\/02\/19\/el-descontento-con-milei-crece-la-pobreza-y-la-corrupcion-en-aumento\/","title":{"rendered":"El descontento con Milei crece: la pobreza y la corrupci\u00f3n, en aumento"},"content":{"rendered":"<p>Un relevamiento de 2.400 encuestas realizado entre el 30 de enero y el 3 de febrero muestra que el 53,6% de los consultados cree que el rumbo del pa\u00eds es incorrecto, frente a un 43,8% que lo aprueba. Adem\u00e1s, el 54,1% desaprueba la gesti\u00f3n del gobierno, mientras que el 45,1% la respalda. Estos n\u00fameros reflejan un creciente desencanto con la administraci\u00f3n libertaria.<\/p>\n<p>Si bien el 58,1% de los encuestados reconoce que la inflaci\u00f3n ha disminuido en comparaci\u00f3n con el gobierno anterior, esto no se traduce en una mejora de la situaci\u00f3n econ\u00f3mica general. Solo el 44% percibe una mayor estabilidad econ\u00f3mica, mientras que el 39,5% sostiene que hay menos estabilidad y un 14,9% cree que nada ha cambiado.<\/p>\n<p>El informe tambi\u00e9n se\u00f1ala que la mayor\u00eda de los argentinos considera que bajo la administraci\u00f3n de Milei han aumentado la pobreza, la corrupci\u00f3n, el desempleo y la recesi\u00f3n. En este contexto, el 54,8% cree que \u00abya fue suficiente motosierra\u00bb y que el gobierno deber\u00eda moderar sus ajustes. Las medidas econ\u00f3micas, lejos de generar confianza, profundizan la incertidumbre y el malestar.<\/p>\n<p>En materia laboral, el rechazo a la reforma impulsada por el oficialismo es significativo: el 53,1% se opone a la reducci\u00f3n de los aportes patronales, mientras que un 59,4% rechaza el aumento de la edad jubilatoria para las mujeres y el 58,9% est\u00e1 en contra del regreso de las AFJP. Estas pol\u00edticas generan preocupaci\u00f3n en un sector de la sociedad que teme la p\u00e9rdida de derechos laborales y previsionales.<\/p>\n<p>El descontento no solo afecta al oficialismo. El 61,1% de los encuestados expres\u00f3 su decepci\u00f3n con la oposici\u00f3n, mientras que el 47,9% manifest\u00f3 sentirse defraudado por el propio gobierno. Ante este escenario, el 52,6% considera que el peronismo debe mantenerse unido para hacerle frente a Milei en el futuro.<\/p>\n<p>M\u00e1s all\u00e1 de los discursos optimistas del presidente y sus funcionarios, el informe de Zuban C\u00f3rdoba deja en evidencia que la mayor\u00eda de los argentinos percibe un deterioro en su calidad de vida. La promesa de un cambio econ\u00f3mico se enfrenta con una realidad cada vez m\u00e1s adversa, donde la pobreza y la desigualdad siguen en aumento. La ilusi\u00f3n del modelo libertario comienza a desvanecerse ante la falta de soluciones concretas.<\/p>\n","protected":false},"excerpt":{"rendered":"<p>Un relevamiento de 2.400 encuestas realizado entre el 30 de enero y el 3 de febrero muestra que el 53,6%<\/p>\n","protected":false},"author":1,"featured_media":113566,"comment_status":"closed","ping_status":"closed","sticky":false,"template":"","format":"standard","meta":{"kia_subtitle":"El \u00faltimo informe de la consultora Zuban C\u00f3rdoba revela que la mayor\u00eda de los argentinos considera que el gobierno de Javier Milei no est\u00e1 logrando los resultados prometidos. A pesar de la estabilizaci\u00f3n de la inflaci\u00f3n, el malestar social sigue en ascenso.","footnotes":"","jetpack_publicize_message":"","jetpack_publicize_feature_enabled":true,"jetpack_social_post_already_shared":true,"jetpack_social_options":{"image_generator_settings":{"template":"highway","default_image_id":0,"font":"","enabled":false},"version":2}},"categories":[3,41],"tags":[],"class_list":["post-113571","post","type-post","status-publish","format-standard","has-post-thumbnail","hentry","category-actualidad","category-nacionales"],"jetpack_publicize_connections":[],"jetpack_featured_media_url":"https:\/\/laurbedigital.com.ar\/noticias\/wp-content\/uploads\/2025\/02\/20250219-Milei.jpg","_links":{"self":[{"href":"https:\/\/laurbedigital.com.ar\/noticias\/wp-json\/wp\/v2\/posts\/113571","targetHints":{"allow":["GET"]}}],"collection":[{"href":"https:\/\/laurbedigital.com.ar\/noticias\/wp-json\/wp\/v2\/posts"}],"about":[{"href":"https:\/\/laurbedigital.com.ar\/noticias\/wp-json\/wp\/v2\/types\/post"}],"author":[{"embeddable":true,"href":"https:\/\/laurbedigital.com.ar\/noticias\/wp-json\/wp\/v2\/users\/1"}],"replies":[{"embeddable":true,"href":"https:\/\/laurbedigital.com.ar\/noticias\/wp-json\/wp\/v2\/comments?post=113571"}],"version-history":[{"count":1,"href":"https:\/\/laurbedigital.com.ar\/noticias\/wp-json\/wp\/v2\/posts\/113571\/revisions"}],"predecessor-version":[{"id":113572,"href":"https:\/\/laurbedigital.com.ar\/noticias\/wp-json\/wp\/v2\/posts\/113571\/revisions\/113572"}],"wp:featuredmedia":[{"embeddable":true,"href":"https:\/\/laurbedigital.com.ar\/noticias\/wp-json\/wp\/v2\/media\/113566"}],"wp:attachment":[{"href":"https:\/\/laurbedigital.com.ar\/noticias\/wp-json\/wp\/v2\/media?parent=113571"}],"wp:term":[{"taxonomy":"category","embeddable":true,"href":"https:\/\/laurbedigital.com.ar\/noticias\/wp-json\/wp\/v2\/categories?post=113571"},{"taxonomy":"post_tag","embeddable":true,"href":"https:\/\/laurbedigital.com.ar\/noticias\/wp-json\/wp\/v2\/tags?post=113571"}],"curies":[{"name":"wp","href":"https:\/\/api.w.org\/{rel}","templated":true}]}}