{"id":113563,"date":"2025-02-19T00:35:49","date_gmt":"2025-02-19T03:35:49","guid":{"rendered":"https:\/\/laurbedigital.com.ar\/noticias\/?p=113563"},"modified":"2025-02-19T00:35:49","modified_gmt":"2025-02-19T03:35:49","slug":"contra-la-discriminacion-el-desafio-de-la-inclusion-en-el-deporte","status":"publish","type":"post","link":"https:\/\/laurbedigital.com.ar\/noticias\/2025\/02\/19\/contra-la-discriminacion-el-desafio-de-la-inclusion-en-el-deporte\/","title":{"rendered":"Contra la discriminaci\u00f3n: el desaf\u00edo de la inclusi\u00f3n en el deporte"},"content":{"rendered":"<p>El 19 de febrero se conmemora el D\u00eda Internacional contra el LGBT-odio en los deportes, una fecha que visibiliza la discriminaci\u00f3n que a\u00fan persiste en el \u00e1mbito deportivo hacia atletas de la comunidad LGBTIQ+. A pesar de avances en derechos y pol\u00edticas inclusivas, el prejuicio y la intolerancia siguen siendo obst\u00e1culos para la plena participaci\u00f3n de estos deportistas en distintas disciplinas.<\/p>\n<p>El deporte, hist\u00f3ricamente, ha sido un reflejo de las estructuras sociales y culturales, muchas veces reproduciendo estereotipos y pr\u00e1cticas excluyentes. En este sentido, atletas que forman parte de la comunidad LGBTIQ+ han denunciado situaciones de discriminaci\u00f3n, acoso y violencia dentro de clubes, federaciones y competencias, lo que en muchos casos los ha llevado a abandonar su carrera o a ocultar su identidad por miedo a represalias.<\/p>\n<p>En los \u00faltimos a\u00f1os, diversas organizaciones y movimientos han trabajado para transformar esta realidad. La Federaci\u00f3n Internacional de F\u00fatbol Asociaci\u00f3n (FIFA), el Comit\u00e9 Ol\u00edmpico Internacional (COI) y otras entidades han adoptado normativas y campa\u00f1as que buscan promover la inclusi\u00f3n y sancionar actos de discriminaci\u00f3n. Sin embargo, los desaf\u00edos persisten, y el compromiso de los organismos deportivos debe ser sostenido y efectivo para garantizar espacios seguros y respetuosos para todos los atletas.<\/p>\n<p>Algunos deportistas han asumido un papel fundamental en la visibilizaci\u00f3n del problema. Casos como el del futbolista australiano Josh Cavallo, quien en 2021 se convirti\u00f3 en el primer jugador de una liga de \u00e9lite en declararse abiertamente gay, han marcado hitos en la lucha por la diversidad en el deporte profesional. Sin embargo, a\u00fan es una minor\u00eda la que se anima a hablar p\u00fablicamente sobre su identidad sexual o de g\u00e9nero, lo que evidencia el temor a represalias y a la falta de un ambiente verdaderamente inclusivo.<\/p>\n<p>Las pol\u00edticas de inclusi\u00f3n deben ir m\u00e1s all\u00e1 de declaraciones simb\u00f3licas. Es fundamental la educaci\u00f3n en los clubes y federaciones, el acompa\u00f1amiento a los deportistas y la implementaci\u00f3n de sanciones efectivas ante casos de discriminaci\u00f3n. Adem\u00e1s, la visibilizaci\u00f3n de referentes LGBTIQ+ en el deporte contribuye a derribar prejuicios y a inspirar a nuevas generaciones a practicar actividades deportivas sin miedo a ser excluidas.<\/p>\n<p>El D\u00eda Internacional contra el LGBT-odio en los deportes es una oportunidad para reflexionar sobre los avances logrados y los desaf\u00edos pendientes. La erradicaci\u00f3n de la discriminaci\u00f3n en el \u00e1mbito deportivo requiere del compromiso conjunto de instituciones, atletas y la sociedad en su conjunto. Solo as\u00ed se podr\u00e1 construir un deporte verdaderamente inclusivo, donde el talento y el esfuerzo sean los \u00fanicos factores determinantes en la competencia.<\/p>\n","protected":false},"excerpt":{"rendered":"<p>El 19 de febrero se conmemora el D\u00eda Internacional contra el LGBT-odio en los deportes, una fecha que visibiliza la<\/p>\n","protected":false},"author":1,"featured_media":113565,"comment_status":"closed","ping_status":"closed","sticky":false,"template":"","format":"standard","meta":{"kia_subtitle":"En el D\u00eda Internacional contra el LGBT-odio en los deportes, la lucha por un \u00e1mbito libre de discriminaci\u00f3n sigue vigente. Organizaciones y atletas impulsan medidas para erradicar la exclusi\u00f3n y fomentar la diversidad.","footnotes":"","jetpack_publicize_message":"","jetpack_publicize_feature_enabled":true,"jetpack_social_post_already_shared":true,"jetpack_social_options":{"image_generator_settings":{"template":"highway","default_image_id":0,"font":"","enabled":false},"version":2}},"categories":[5,2594],"tags":[],"class_list":["post-113563","post","type-post","status-publish","format-standard","has-post-thumbnail","hentry","category-cultura","category-efemerides"],"jetpack_publicize_connections":[],"jetpack_featured_media_url":"https:\/\/laurbedigital.com.ar\/noticias\/wp-content\/uploads\/2025\/02\/20250219-Futbol-LQTB.jpg","_links":{"self":[{"href":"https:\/\/laurbedigital.com.ar\/noticias\/wp-json\/wp\/v2\/posts\/113563","targetHints":{"allow":["GET"]}}],"collection":[{"href":"https:\/\/laurbedigital.com.ar\/noticias\/wp-json\/wp\/v2\/posts"}],"about":[{"href":"https:\/\/laurbedigital.com.ar\/noticias\/wp-json\/wp\/v2\/types\/post"}],"author":[{"embeddable":true,"href":"https:\/\/laurbedigital.com.ar\/noticias\/wp-json\/wp\/v2\/users\/1"}],"replies":[{"embeddable":true,"href":"https:\/\/laurbedigital.com.ar\/noticias\/wp-json\/wp\/v2\/comments?post=113563"}],"version-history":[{"count":2,"href":"https:\/\/laurbedigital.com.ar\/noticias\/wp-json\/wp\/v2\/posts\/113563\/revisions"}],"predecessor-version":[{"id":113570,"href":"https:\/\/laurbedigital.com.ar\/noticias\/wp-json\/wp\/v2\/posts\/113563\/revisions\/113570"}],"wp:featuredmedia":[{"embeddable":true,"href":"https:\/\/laurbedigital.com.ar\/noticias\/wp-json\/wp\/v2\/media\/113565"}],"wp:attachment":[{"href":"https:\/\/laurbedigital.com.ar\/noticias\/wp-json\/wp\/v2\/media?parent=113563"}],"wp:term":[{"taxonomy":"category","embeddable":true,"href":"https:\/\/laurbedigital.com.ar\/noticias\/wp-json\/wp\/v2\/categories?post=113563"},{"taxonomy":"post_tag","embeddable":true,"href":"https:\/\/laurbedigital.com.ar\/noticias\/wp-json\/wp\/v2\/tags?post=113563"}],"curies":[{"name":"wp","href":"https:\/\/api.w.org\/{rel}","templated":true}]}}