{"id":113557,"date":"2025-02-18T23:27:29","date_gmt":"2025-02-19T02:27:29","guid":{"rendered":"https:\/\/laurbedigital.com.ar\/noticias\/?p=113557"},"modified":"2025-02-18T23:27:29","modified_gmt":"2025-02-19T02:27:29","slug":"por-trabajos-de-aysa-limitan-temporalmente-el-transito-en-yrigoyen-y-amenedo","status":"publish","type":"post","link":"https:\/\/laurbedigital.com.ar\/noticias\/2025\/02\/18\/por-trabajos-de-aysa-limitan-temporalmente-el-transito-en-yrigoyen-y-amenedo\/","title":{"rendered":"Por trabajos de AySA limitan temporalmente el tr\u00e1nsito en Yrigoyen y Amenedo"},"content":{"rendered":"<p>Desde la Direcci\u00f3n de Tr\u00e1nsito de la Comuna precisaron que el corte se realizar\u00e1 este mi\u00e9rcoles 19 de febrero a partir de las 7 de la ma\u00f1ana, al tiempo que difundieron las rutas alternativas para transitar por la zona temporalmente afectada.<\/p>\n<p>En lo que respecta al tr\u00e1nsito pesado, en sentido al sur, desde el Municipio que conduce Mariano Cascallares indicaron que los veh\u00edculos que circulen por Hip\u00f3lito Yrigoyen deber\u00e1n doblar por Cabildo, tomar Fr\u00edas y luego volver a retomar la avenida.<\/p>\n<p>Mientras que los que se dirijan por la avenida Yrigoyen en sentido norte, es decir hacia Lomas, podr\u00e1n tomar Diomede, Miguel Soler, Segu\u00ed y luego Ruta 4 o bien la avenida San Mart\u00edn y Espora.<\/p>\n<p>Por otra parte, el tr\u00e1nsito liviano que se dirija en sentido norte podr\u00e1 continuar por la avenida Yrigoyen ya que solo se ver\u00e1 afectada la mano contraria, mientras que aquellos que vengan en sentido hacia el sur, deber\u00e1n doblar por Mart\u00edn Garc\u00eda, tomar Fr\u00edas y salir a la avenida nuevamente.<\/p>\n","protected":false},"excerpt":{"rendered":"<p>Desde la Direcci\u00f3n de Tr\u00e1nsito de la Comuna precisaron que el corte se realizar\u00e1 este mi\u00e9rcoles 19 de febrero a<\/p>\n","protected":false},"author":1,"featured_media":113558,"comment_status":"closed","ping_status":"closed","sticky":false,"template":"","format":"standard","meta":{"kia_subtitle":"El Municipio de Almirante Brown inform\u00f3 que debido a obras de la empresa AySA se ver\u00e1 restringido el tr\u00e1nsito en la avenida Hip\u00f3lito Yrigoyen en su intersecci\u00f3n con Amenedo, por lo que se dispuso un reordenamiento temporario para el tr\u00e1nsito liviano y pesado.","footnotes":"","jetpack_publicize_message":"","jetpack_publicize_feature_enabled":true,"jetpack_social_post_already_shared":true,"jetpack_social_options":{"image_generator_settings":{"template":"highway","default_image_id":0,"font":"","enabled":false},"version":2}},"categories":[2,33],"tags":[],"class_list":["post-113557","post","type-post","status-publish","format-standard","has-post-thumbnail","hentry","category-alte-brown","category-alte-brown-alte-brown"],"jetpack_publicize_connections":[],"jetpack_featured_media_url":"https:\/\/laurbedigital.com.ar\/noticias\/wp-content\/uploads\/2025\/02\/20250218-Brown-Yrigoyen-Amenedo-Aysa.jpg","_links":{"self":[{"href":"https:\/\/laurbedigital.com.ar\/noticias\/wp-json\/wp\/v2\/posts\/113557","targetHints":{"allow":["GET"]}}],"collection":[{"href":"https:\/\/laurbedigital.com.ar\/noticias\/wp-json\/wp\/v2\/posts"}],"about":[{"href":"https:\/\/laurbedigital.com.ar\/noticias\/wp-json\/wp\/v2\/types\/post"}],"author":[{"embeddable":true,"href":"https:\/\/laurbedigital.com.ar\/noticias\/wp-json\/wp\/v2\/users\/1"}],"replies":[{"embeddable":true,"href":"https:\/\/laurbedigital.com.ar\/noticias\/wp-json\/wp\/v2\/comments?post=113557"}],"version-history":[{"count":2,"href":"https:\/\/laurbedigital.com.ar\/noticias\/wp-json\/wp\/v2\/posts\/113557\/revisions"}],"predecessor-version":[{"id":113560,"href":"https:\/\/laurbedigital.com.ar\/noticias\/wp-json\/wp\/v2\/posts\/113557\/revisions\/113560"}],"wp:featuredmedia":[{"embeddable":true,"href":"https:\/\/laurbedigital.com.ar\/noticias\/wp-json\/wp\/v2\/media\/113558"}],"wp:attachment":[{"href":"https:\/\/laurbedigital.com.ar\/noticias\/wp-json\/wp\/v2\/media?parent=113557"}],"wp:term":[{"taxonomy":"category","embeddable":true,"href":"https:\/\/laurbedigital.com.ar\/noticias\/wp-json\/wp\/v2\/categories?post=113557"},{"taxonomy":"post_tag","embeddable":true,"href":"https:\/\/laurbedigital.com.ar\/noticias\/wp-json\/wp\/v2\/tags?post=113557"}],"curies":[{"name":"wp","href":"https:\/\/api.w.org\/{rel}","templated":true}]}}