{"id":113510,"date":"2025-02-17T03:23:51","date_gmt":"2025-02-17T06:23:51","guid":{"rendered":"https:\/\/laurbedigital.com.ar\/noticias\/?p=113510"},"modified":"2025-02-17T03:23:51","modified_gmt":"2025-02-17T06:23:51","slug":"ajuste-y-medicamentos-el-pami-redujo-su-cobertura-mientras-los-precios-aumentaron-un-360-en-un-ano","status":"publish","type":"post","link":"https:\/\/laurbedigital.com.ar\/noticias\/2025\/02\/17\/ajuste-y-medicamentos-el-pami-redujo-su-cobertura-mientras-los-precios-aumentaron-un-360-en-un-ano\/","title":{"rendered":"Ajuste y medicamentos: el PAMI redujo su cobertura mientras los precios aumentaron un 360% en un a\u00f1o"},"content":{"rendered":"<p>El inicio de la gesti\u00f3n de Milei trajo consigo una aceleraci\u00f3n de los precios, especialmente en medicamentos, con un fuerte impacto en los adultos mayores. Desde noviembre de 2023, cuando la fuerza libertaria gan\u00f3 el ballotage, los medicamentos de uso habitual entre jubilados sufrieron una inflaci\u00f3n acumulada del 220%, por encima del 215,3% de la inflaci\u00f3n general. Dentro de este contexto, los productos incluidos en la canasta PAMI aumentaron un 361,1%, como resultado de la reducci\u00f3n de descuentos.<\/p>\n<p>En paralelo, el gobierno nacional congel\u00f3 el bono de $55.000 para jubilados con haberes menores a $160.712,61 en enero y febrero, ajust\u00e1ndolo a $70.000 en marzo, pero sin nuevas actualizaciones para el resto del a\u00f1o. Adem\u00e1s, en agosto y diciembre de 2024, PAMI redujo la cantidad de medicamentos incluidos en su vadem\u00e9cum y modific\u00f3 las condiciones de acceso.<\/p>\n<p>Seg\u00fan un informe del Centro de Econom\u00eda Pol\u00edtica Argentina, la suba de precios en los medicamentos de mayor consumo por parte de los adultos mayores se intensific\u00f3 tras la victoria de Milei. En los dos \u00faltimos meses de 2023, los precios de venta al p\u00fablico aumentaron un 77,2% en promedio, con incrementos mensuales de 25,7% en noviembre y 40,9% en diciembre. En 2024, el alza continu\u00f3: 13,6% en enero, 15% en febrero y 8,4% en marzo, aunque con un menor ritmo de suba en los meses siguientes.<\/p>\n<p>El impacto de la cobertura PAMI tambi\u00e9n mostr\u00f3 variaciones significativas. Mientras que en noviembre y diciembre de 2023 los precios con cobertura aumentaron 14,5% y 15,6% respectivamente, en enero de 2024 sufrieron una suba abrupta del 33,8%. A lo largo del a\u00f1o, los incrementos oscilaron entre el 19,4% en marzo y el 2,3% en enero de 2025. De esta manera, los medicamentos con cobertura PAMI acumularon un alza del 361,6%.<\/p>\n<p>En marzo de 2020, PAMI hab\u00eda implementado un vadem\u00e9cum de medicamentos esenciales gratuitos, cubriendo al 100% los f\u00e1rmacos m\u00e1s consumidos por los jubilados y generando un importante ahorro. Sin embargo, durante 2024 esta medida fue modificada. Se limit\u00f3 la cobertura gratuita a solo cinco medicamentos y exclusivamente para jubilados con hasta 1,5 jubilaciones m\u00ednimas. Adem\u00e1s, la reducci\u00f3n de 44 mol\u00e9culas en agosto y otras 11 en junio dej\u00f3 un tercio menos de medicamentos gratuitos en comparaci\u00f3n con el inicio de la gesti\u00f3n Milei.<\/p>\n<p>El ajuste en descuentos tambi\u00e9n afect\u00f3 otras categor\u00edas de f\u00e1rmacos, pasando de un 80% a un 40% en aquellos considerados \u00abde uso eventual\u00bb. Como resultado, el valor de la canasta de medicamentos PAMI aument\u00f3 mientras el poder adquisitivo de los jubilados se deterior\u00f3, consolidando una p\u00e9rdida del 40,3% en el caso de los haberes con bono y del 42,7% en aquellos sin bono. Esto evidencia el impacto de la desregulaci\u00f3n en el sector farmac\u00e9utico y en la econom\u00eda de los adultos mayores.<\/p>\n","protected":false},"excerpt":{"rendered":"<p>El inicio de la gesti\u00f3n de Milei trajo consigo una aceleraci\u00f3n de los precios, especialmente en medicamentos, con un fuerte<\/p>\n","protected":false},"author":1,"featured_media":108595,"comment_status":"closed","ping_status":"closed","sticky":false,"template":"","format":"standard","meta":{"kia_subtitle":"Durante el primer a\u00f1o del gobierno de Javier Milei, los medicamentos de la canasta PAMI registraron un incremento del 360%, superando ampliamente la inflaci\u00f3n. A esto se sumaron recortes en la cobertura y cambios en las condiciones de acceso para los jubilados.","footnotes":"","jetpack_publicize_message":"","jetpack_publicize_feature_enabled":true,"jetpack_social_post_already_shared":true,"jetpack_social_options":{"image_generator_settings":{"template":"highway","default_image_id":0,"font":"","enabled":false},"version":2}},"categories":[3,41],"tags":[],"class_list":["post-113510","post","type-post","status-publish","format-standard","has-post-thumbnail","hentry","category-actualidad","category-nacionales"],"jetpack_publicize_connections":[],"jetpack_featured_media_url":"https:\/\/laurbedigital.com.ar\/noticias\/wp-content\/uploads\/2024\/09\/20240909-Medicamentos.jpg","_links":{"self":[{"href":"https:\/\/laurbedigital.com.ar\/noticias\/wp-json\/wp\/v2\/posts\/113510","targetHints":{"allow":["GET"]}}],"collection":[{"href":"https:\/\/laurbedigital.com.ar\/noticias\/wp-json\/wp\/v2\/posts"}],"about":[{"href":"https:\/\/laurbedigital.com.ar\/noticias\/wp-json\/wp\/v2\/types\/post"}],"author":[{"embeddable":true,"href":"https:\/\/laurbedigital.com.ar\/noticias\/wp-json\/wp\/v2\/users\/1"}],"replies":[{"embeddable":true,"href":"https:\/\/laurbedigital.com.ar\/noticias\/wp-json\/wp\/v2\/comments?post=113510"}],"version-history":[{"count":1,"href":"https:\/\/laurbedigital.com.ar\/noticias\/wp-json\/wp\/v2\/posts\/113510\/revisions"}],"predecessor-version":[{"id":113511,"href":"https:\/\/laurbedigital.com.ar\/noticias\/wp-json\/wp\/v2\/posts\/113510\/revisions\/113511"}],"wp:featuredmedia":[{"embeddable":true,"href":"https:\/\/laurbedigital.com.ar\/noticias\/wp-json\/wp\/v2\/media\/108595"}],"wp:attachment":[{"href":"https:\/\/laurbedigital.com.ar\/noticias\/wp-json\/wp\/v2\/media?parent=113510"}],"wp:term":[{"taxonomy":"category","embeddable":true,"href":"https:\/\/laurbedigital.com.ar\/noticias\/wp-json\/wp\/v2\/categories?post=113510"},{"taxonomy":"post_tag","embeddable":true,"href":"https:\/\/laurbedigital.com.ar\/noticias\/wp-json\/wp\/v2\/tags?post=113510"}],"curies":[{"name":"wp","href":"https:\/\/api.w.org\/{rel}","templated":true}]}}