{"id":113489,"date":"2025-02-16T18:21:29","date_gmt":"2025-02-16T21:21:29","guid":{"rendered":"https:\/\/laurbedigital.com.ar\/noticias\/?p=113489"},"modified":"2025-02-16T18:34:44","modified_gmt":"2025-02-16T21:34:44","slug":"ya-hay-mas-de-cuatrocientas-denuncias-penales-contra-milei-en-argentina-y-el-exterior","status":"publish","type":"post","link":"https:\/\/laurbedigital.com.ar\/noticias\/2025\/02\/16\/ya-hay-mas-de-cuatrocientas-denuncias-penales-contra-milei-en-argentina-y-el-exterior\/","title":{"rendered":"\u00abCripto gate\u00bb: Ya hay m\u00e1s de cuatrocientas denuncias penales contra el presidente de la naci\u00f3n en Argentina y el exterior"},"content":{"rendered":"<p>Hasta el 16 de febrero de 2025, se han registrado 112 denuncias en el pa\u00eds contra Milei por la promoci\u00f3n de $LIBRA. De ellas, 111 fueron presentadas digitalmente en distintos juzgados, mientras que una fue radicada en una comisar\u00eda y aceptada por el fiscal Guillermo Marijuan, quien investiga si el mandatario incurri\u00f3 en alg\u00fan delito.<\/p>\n<p>El respaldo de Milei a la criptomoneda, manifestado en redes sociales y posteriormente eliminado tras la repercusi\u00f3n negativa, desat\u00f3 un aluvi\u00f3n de denuncias por presunta estafa, manipulaci\u00f3n de precios y otros delitos financieros. En consecuencia, el caso ha escalado a la Justicia Federal, donde distintos actores buscan determinar la responsabilidad del presidente y su entorno.<\/p>\n<p>Uno de los expedientes clave fue presentado por Miguel \u00c1ngel Heredia y recay\u00f3 en el Juzgado Nacional en lo Criminal y Correccional Federal N\u00b0 7, bajo la \u00f3rbita de Sebasti\u00e1n Casanello. La denuncia analiza si la promoci\u00f3n de $LIBRA contribuy\u00f3 a la suba repentina de su cotizaci\u00f3n y su posterior desplome, afectando a miles de inversores.<\/p>\n<p>Diversos sectores pol\u00edticos han comenzado a exigir un juicio pol\u00edtico contra Milei, mientras que especialistas debaten sobre el alcance legal de su accionar. La cuesti\u00f3n central radica en si su publicaci\u00f3n en redes puede encuadrarse dentro de una conducta delictiva o si se trata simplemente de una manifestaci\u00f3n de opini\u00f3n.<\/p>\n<p>Entre las denuncias figuran las presentadas por Agust\u00edn Rombol\u00e1, ex presidente de la Juventud Radical de la Ciudad de Buenos Aires, quien acusa a Milei de estafa, manipulaci\u00f3n de precios y negociaciones incompatibles con la funci\u00f3n p\u00fablica. Asimismo, el abogado Jonatan Baldiviezo, del Observatorio del Derecho a la Ciudad, sostiene que el mandatario form\u00f3 parte de una asociaci\u00f3n il\u00edcita que habr\u00eda defraudado a m\u00e1s de 40.000 personas.<\/p>\n<p>El abogado Gregorio Dalb\u00f3n tambi\u00e9n impuls\u00f3 una denuncia que no solo involucra al presidente, sino tambi\u00e9n a su hermana Karina Milei y a empresarios ligados al proyecto, como Julian Peh, fundador de KIP Protocol, y Hayden Davis, de Kelsier Ventures. La investigaci\u00f3n contin\u00faa avanzando, con la expectativa de que en los pr\u00f3ximos d\u00edas se sumen nuevas acciones legales.<\/p>\n<p>Este esc\u00e1ndalo pone nuevamente en el centro del debate la relaci\u00f3n entre las figuras p\u00fablicas y las inversiones especulativas, adem\u00e1s de la responsabilidad pol\u00edtica y jur\u00eddica de quienes ostentan el poder. La Justicia determinar\u00e1 si el caso de $LIBRA configura un delito o si se trata de una controversia sin consecuencias legales para el presidente y su entorno.<\/p>\n","protected":false},"excerpt":{"rendered":"<p>Hasta el 16 de febrero de 2025, se han registrado 112 denuncias en el pa\u00eds contra Milei por la promoci\u00f3n<\/p>\n","protected":false},"author":1,"featured_media":110114,"comment_status":"closed","ping_status":"closed","sticky":false,"template":"","format":"standard","meta":{"kia_subtitle":"El presidente Javier Milei enfrenta m\u00e1s de un centenar de denuncias penales en Argentina por su apoyo a la criptomoneda $LIBRA, un esc\u00e1ndalo que podr\u00eda derivar en un procesamiento judicial. La pol\u00e9mica tambi\u00e9n alcanza el \u00e1mbito internacional, donde se especula con la existencia de cientos de presentaciones legales adicionales.","footnotes":"","jetpack_publicize_message":"","jetpack_publicize_feature_enabled":true,"jetpack_social_post_already_shared":true,"jetpack_social_options":{"image_generator_settings":{"template":"highway","default_image_id":0,"font":"","enabled":false},"version":2}},"categories":[3,41],"tags":[],"class_list":["post-113489","post","type-post","status-publish","format-standard","has-post-thumbnail","hentry","category-actualidad","category-nacionales"],"jetpack_publicize_connections":[],"jetpack_featured_media_url":"https:\/\/laurbedigital.com.ar\/noticias\/wp-content\/uploads\/2024\/10\/202410229-Milei.jpg","_links":{"self":[{"href":"https:\/\/laurbedigital.com.ar\/noticias\/wp-json\/wp\/v2\/posts\/113489","targetHints":{"allow":["GET"]}}],"collection":[{"href":"https:\/\/laurbedigital.com.ar\/noticias\/wp-json\/wp\/v2\/posts"}],"about":[{"href":"https:\/\/laurbedigital.com.ar\/noticias\/wp-json\/wp\/v2\/types\/post"}],"author":[{"embeddable":true,"href":"https:\/\/laurbedigital.com.ar\/noticias\/wp-json\/wp\/v2\/users\/1"}],"replies":[{"embeddable":true,"href":"https:\/\/laurbedigital.com.ar\/noticias\/wp-json\/wp\/v2\/comments?post=113489"}],"version-history":[{"count":6,"href":"https:\/\/laurbedigital.com.ar\/noticias\/wp-json\/wp\/v2\/posts\/113489\/revisions"}],"predecessor-version":[{"id":113499,"href":"https:\/\/laurbedigital.com.ar\/noticias\/wp-json\/wp\/v2\/posts\/113489\/revisions\/113499"}],"wp:featuredmedia":[{"embeddable":true,"href":"https:\/\/laurbedigital.com.ar\/noticias\/wp-json\/wp\/v2\/media\/110114"}],"wp:attachment":[{"href":"https:\/\/laurbedigital.com.ar\/noticias\/wp-json\/wp\/v2\/media?parent=113489"}],"wp:term":[{"taxonomy":"category","embeddable":true,"href":"https:\/\/laurbedigital.com.ar\/noticias\/wp-json\/wp\/v2\/categories?post=113489"},{"taxonomy":"post_tag","embeddable":true,"href":"https:\/\/laurbedigital.com.ar\/noticias\/wp-json\/wp\/v2\/tags?post=113489"}],"curies":[{"name":"wp","href":"https:\/\/api.w.org\/{rel}","templated":true}]}}