{"id":113487,"date":"2025-02-16T04:32:47","date_gmt":"2025-02-16T07:32:47","guid":{"rendered":"https:\/\/laurbedigital.com.ar\/noticias\/?p=113487"},"modified":"2025-02-16T04:32:47","modified_gmt":"2025-02-16T07:32:47","slug":"jubilaciones-en-la-era-milei-ajustes-formulas-y-perdida-de-poder-adquisitivo","status":"publish","type":"post","link":"https:\/\/laurbedigital.com.ar\/noticias\/2025\/02\/16\/jubilaciones-en-la-era-milei-ajustes-formulas-y-perdida-de-poder-adquisitivo\/","title":{"rendered":"Jubilaciones en la era Milei: ajustes, f\u00f3rmulas y p\u00e9rdida de poder adquisitivo"},"content":{"rendered":"<p>El impacto del Decreto de Necesidad y Urgencia (DNU) 274\/2024, promovido por el gobierno de Javier Milei, ha redefinido la movilidad previsional, generando consecuencias significativas en el poder adquisitivo de los jubilados. A esto se suma el congelamiento del bono compensatorio para los haberes m\u00ednimos, lo que agrava la situaci\u00f3n de los sectores m\u00e1s vulnerables. Comparar el nuevo esquema de actualizaci\u00f3n con el anterior resulta fundamental para evaluar el impacto real sobre los ingresos de los adultos mayores, quienes tambi\u00e9n enfrentan dificultades en el acceso a medicamentos y el vencimiento de la moratoria previsional.<\/p>\n<p>Desde la implementaci\u00f3n del DNU 274\/2024 en marzo de 2024, el sistema jubilatorio argentino sufri\u00f3 cambios dr\u00e1sticos. La movilidad mensual basada en la inflaci\u00f3n de dos meses atr\u00e1s reemplaz\u00f3 la f\u00f3rmula trimestral que combinaba la evoluci\u00f3n de los salarios y la recaudaci\u00f3n de la seguridad social. En el marco de esta transici\u00f3n, se otorg\u00f3 una recomposici\u00f3n excepcional del 12,5% en abril y aumentos mensuales como adelantos hasta junio. Si bien este esquema permiti\u00f3 una recuperaci\u00f3n parcial tras la fuerte licuaci\u00f3n de diciembre de 2023 y enero de 2024, tambi\u00e9n consolid\u00f3 los haberes en un nivel hist\u00f3ricamente bajo.<\/p>\n<p>Uno de los factores m\u00e1s cr\u00edticos ha sido el congelamiento del bono de $70.000 desde marzo de 2024, lo que profundiz\u00f3 la p\u00e9rdida de poder adquisitivo de los jubilados que perciben el haber m\u00ednimo. Mientras que los haberes sin bono aumentaron un 103,1% entre marzo de 2024 y febrero de 2025, aquellos que dependen de este complemento vieron sus ingresos crecer apenas un 67,8%. De haberse ajustado proporcionalmente, el bono en febrero de 2025 deber\u00eda haber alcanzado los $142.161, m\u00e1s del doble del monto fijado.<\/p>\n<p>La comparaci\u00f3n entre la f\u00f3rmula vigente y la derogada resalta un punto clave: el ajuste previsional se implement\u00f3 en un contexto en el que el esquema previo podr\u00eda haber otorgado aumentos reales debido al descenso de la inflaci\u00f3n. La actualizaci\u00f3n trimestral bajo la Ley 27.609 habr\u00eda generado un incremento del 40,1% en junio de 2024, mientras que la actualizaci\u00f3n basada en la inflaci\u00f3n acumul\u00f3 solo un 36,7%. La diferencia favorable al nuevo esquema solo fue posible gracias a la recomposici\u00f3n excepcional del 12,5%, un factor que no se replic\u00f3 en los meses siguientes.<\/p>\n<p>El panorama para los jubilados es preocupante. Con ingresos estancados en niveles bajos y restricciones en el acceso a medicamentos esenciales, el sistema previsional se ha convertido en una de las principales variables de ajuste del gasto p\u00fablico. Durante 2024, las jubilaciones representaron el 19,2% del recorte total del Sector P\u00fablico Nacional, consolidando una p\u00e9rdida estructural para los beneficiarios del sistema.<\/p>\n","protected":false},"excerpt":{"rendered":"<p>El impacto del Decreto de Necesidad y Urgencia (DNU) 274\/2024, promovido por el gobierno de Javier Milei, ha redefinido la<\/p>\n","protected":false},"author":1,"featured_media":102892,"comment_status":"closed","ping_status":"closed","sticky":false,"template":"","format":"standard","meta":{"kia_subtitle":"La reciente publicaci\u00f3n de los \u00faltimos datos de inflaci\u00f3n y del \u00edndice de salarios permite proyectar dos aspectos clave en materia previsional: el aumento de las jubilaciones en marzo de 2025 y su comparaci\u00f3n con la actualizaci\u00f3n que hubiese resultado bajo la f\u00f3rmula derogada por la Ley 27.609 de 2021.","footnotes":"","jetpack_publicize_message":"","jetpack_publicize_feature_enabled":true,"jetpack_social_post_already_shared":true,"jetpack_social_options":{"image_generator_settings":{"template":"highway","default_image_id":0,"font":"","enabled":false},"version":2}},"categories":[3,41],"tags":[],"class_list":["post-113487","post","type-post","status-publish","format-standard","has-post-thumbnail","hentry","category-actualidad","category-nacionales"],"jetpack_publicize_connections":[],"jetpack_featured_media_url":"https:\/\/laurbedigital.com.ar\/noticias\/wp-content\/uploads\/2024\/03\/202400312-jubilados.jpg","_links":{"self":[{"href":"https:\/\/laurbedigital.com.ar\/noticias\/wp-json\/wp\/v2\/posts\/113487","targetHints":{"allow":["GET"]}}],"collection":[{"href":"https:\/\/laurbedigital.com.ar\/noticias\/wp-json\/wp\/v2\/posts"}],"about":[{"href":"https:\/\/laurbedigital.com.ar\/noticias\/wp-json\/wp\/v2\/types\/post"}],"author":[{"embeddable":true,"href":"https:\/\/laurbedigital.com.ar\/noticias\/wp-json\/wp\/v2\/users\/1"}],"replies":[{"embeddable":true,"href":"https:\/\/laurbedigital.com.ar\/noticias\/wp-json\/wp\/v2\/comments?post=113487"}],"version-history":[{"count":1,"href":"https:\/\/laurbedigital.com.ar\/noticias\/wp-json\/wp\/v2\/posts\/113487\/revisions"}],"predecessor-version":[{"id":113488,"href":"https:\/\/laurbedigital.com.ar\/noticias\/wp-json\/wp\/v2\/posts\/113487\/revisions\/113488"}],"wp:featuredmedia":[{"embeddable":true,"href":"https:\/\/laurbedigital.com.ar\/noticias\/wp-json\/wp\/v2\/media\/102892"}],"wp:attachment":[{"href":"https:\/\/laurbedigital.com.ar\/noticias\/wp-json\/wp\/v2\/media?parent=113487"}],"wp:term":[{"taxonomy":"category","embeddable":true,"href":"https:\/\/laurbedigital.com.ar\/noticias\/wp-json\/wp\/v2\/categories?post=113487"},{"taxonomy":"post_tag","embeddable":true,"href":"https:\/\/laurbedigital.com.ar\/noticias\/wp-json\/wp\/v2\/tags?post=113487"}],"curies":[{"name":"wp","href":"https:\/\/api.w.org\/{rel}","templated":true}]}}