{"id":113470,"date":"2025-02-15T12:01:21","date_gmt":"2025-02-15T15:01:21","guid":{"rendered":"https:\/\/laurbedigital.com.ar\/noticias\/?p=113470"},"modified":"2025-02-15T12:01:21","modified_gmt":"2025-02-15T15:01:21","slug":"el-municipio-extendio-la-colonia-de-verano-y-habilito-la-inscripcion-de-mas-vecinos","status":"publish","type":"post","link":"https:\/\/laurbedigital.com.ar\/noticias\/2025\/02\/15\/el-municipio-extendio-la-colonia-de-verano-y-habilito-la-inscripcion-de-mas-vecinos\/","title":{"rendered":"El Municipio extendi\u00f3 la Colonia de verano y Habilit\u00f3 la inscripci\u00f3n de m\u00e1s vecinos"},"content":{"rendered":"<div>\n<p><strong><em>\u201cQueremos que los j\u00f3venes y adolescentes disfruten de la Colonia de Verano browniana\u201d, indic\u00f3 el intendente Mariano Cascallares, agregando que \u201cpor eso es una decisi\u00f3n muy importante para nosotros ampliar los cupos para las pr\u00f3ximas dos semanas del presente mes\u201d.<\/em><\/strong><\/p>\n<p>En ese marco se inform\u00f3 que a partir del lunes pr\u00f3ximo los j\u00f3venes y adolescentes interesados podr\u00e1n inscribirse comunic\u00e1ndose de 9 a 14 horas llamando al tel\u00e9fono 5034 6200 interno 499.<\/p>\n<p>Se estima que hasta el momento participaron de la Colonia de Verano cerca de 10 mil chicos, j\u00f3venes, vecinos con discapacidad y adultos mayores de todas las localidades brownianas.<\/p>\n<p><img loading=\"lazy\" decoding=\"async\" class=\"alignnone size-full wp-image-113472\" src=\"https:\/\/laurbedigital.com.ar\/noticias\/wp-content\/uploads\/2025\/02\/20250215-Brown-Cascallares-Colonia-1.jpg\" alt=\"\" width=\"768\" height=\"428\" title=\"\" srcset=\"https:\/\/laurbedigital.com.ar\/noticias\/wp-content\/uploads\/2025\/02\/20250215-Brown-Cascallares-Colonia-1.jpg 768w, https:\/\/laurbedigital.com.ar\/noticias\/wp-content\/uploads\/2025\/02\/20250215-Brown-Cascallares-Colonia-1-300x167.jpg 300w\" sizes=\"auto, (max-width: 768px) 100vw, 768px\" \/><\/p>\n<p>La Colonia de Verano 2025 de Almirante Brown comenz\u00f3 a principios de enero y congreg\u00f3 durante las \u00faltimas semanas a miles de ni\u00f1os, j\u00f3venes, adolescentes, personas con discapacidad y adultos mayores para que realicen actividades recreativas y acu\u00e1ticas.<\/p>\n<p>Este a\u00f1o las sedes fueron, adem\u00e1s del nuevo Polideportivo con Natatorio de Rafael Calzada, el hist\u00f3rico Polideportivo de Ministro Rivadavia, el Predio de Navales y tambi\u00e9n el Complejo Mar\u00eda Reina de Glew.<\/p>\n<p>All\u00ed todos los presentes asistieron de forma gratuita, aprendieron a nadar, realizaron actividades acu\u00e1ticas y al aire libre, y participaron de juegos de iniciaci\u00f3n en distintos deportes recibiendo tambi\u00e9n ropa, desayuno y almuerzo, adem\u00e1s de los traslados correspondientes.<\/p>\n<\/div>\n","protected":false},"excerpt":{"rendered":"<p>\u201cQueremos que los j\u00f3venes y adolescentes disfruten de la Colonia de Verano browniana\u201d, indic\u00f3 el intendente Mariano Cascallares, agregando que<\/p>\n","protected":false},"author":1,"featured_media":113471,"comment_status":"closed","ping_status":"closed","sticky":false,"template":"","format":"standard","meta":{"kia_subtitle":"El Municipio de Almirante Brown anunci\u00f3 que se ampliaron los cupos de la Colonia de Verano de cara a la segunda quincena de febrero, por lo que los j\u00f3venes y adolescentes que est\u00e9n interesados en sumarse a las actividades recreativas podr\u00e1n hacerlo previa inscripci\u00f3n.","footnotes":"","jetpack_publicize_message":"","jetpack_publicize_feature_enabled":true,"jetpack_social_post_already_shared":true,"jetpack_social_options":{"image_generator_settings":{"template":"highway","default_image_id":0,"font":"","enabled":false},"version":2}},"categories":[2,33],"tags":[],"class_list":["post-113470","post","type-post","status-publish","format-standard","has-post-thumbnail","hentry","category-alte-brown","category-alte-brown-alte-brown"],"jetpack_publicize_connections":[],"jetpack_featured_media_url":"https:\/\/laurbedigital.com.ar\/noticias\/wp-content\/uploads\/2025\/02\/20250215-Brown-Cascallares-Colonia.jpg","_links":{"self":[{"href":"https:\/\/laurbedigital.com.ar\/noticias\/wp-json\/wp\/v2\/posts\/113470","targetHints":{"allow":["GET"]}}],"collection":[{"href":"https:\/\/laurbedigital.com.ar\/noticias\/wp-json\/wp\/v2\/posts"}],"about":[{"href":"https:\/\/laurbedigital.com.ar\/noticias\/wp-json\/wp\/v2\/types\/post"}],"author":[{"embeddable":true,"href":"https:\/\/laurbedigital.com.ar\/noticias\/wp-json\/wp\/v2\/users\/1"}],"replies":[{"embeddable":true,"href":"https:\/\/laurbedigital.com.ar\/noticias\/wp-json\/wp\/v2\/comments?post=113470"}],"version-history":[{"count":2,"href":"https:\/\/laurbedigital.com.ar\/noticias\/wp-json\/wp\/v2\/posts\/113470\/revisions"}],"predecessor-version":[{"id":113476,"href":"https:\/\/laurbedigital.com.ar\/noticias\/wp-json\/wp\/v2\/posts\/113470\/revisions\/113476"}],"wp:featuredmedia":[{"embeddable":true,"href":"https:\/\/laurbedigital.com.ar\/noticias\/wp-json\/wp\/v2\/media\/113471"}],"wp:attachment":[{"href":"https:\/\/laurbedigital.com.ar\/noticias\/wp-json\/wp\/v2\/media?parent=113470"}],"wp:term":[{"taxonomy":"category","embeddable":true,"href":"https:\/\/laurbedigital.com.ar\/noticias\/wp-json\/wp\/v2\/categories?post=113470"},{"taxonomy":"post_tag","embeddable":true,"href":"https:\/\/laurbedigital.com.ar\/noticias\/wp-json\/wp\/v2\/tags?post=113470"}],"curies":[{"name":"wp","href":"https:\/\/api.w.org\/{rel}","templated":true}]}}