{"id":113423,"date":"2025-02-14T03:17:00","date_gmt":"2025-02-14T06:17:00","guid":{"rendered":"https:\/\/laurbedigital.com.ar\/noticias\/?p=113423"},"modified":"2025-02-14T03:18:18","modified_gmt":"2025-02-14T06:18:18","slug":"peligra-el-inicio-de-clases-docentes-reclaman-la-reapertura-de-la-paritaria-nacional","status":"publish","type":"post","link":"https:\/\/laurbedigital.com.ar\/noticias\/2025\/02\/14\/peligra-el-inicio-de-clases-docentes-reclaman-la-reapertura-de-la-paritaria-nacional\/","title":{"rendered":"\u00bfPeligra el inicio de clases? Docentes reclaman la reapertura de la paritaria nacional"},"content":{"rendered":"<p>A pocas semanas del inicio del ciclo lectivo, los gremios docentes exigen al Gobierno nacional la reapertura de la paritaria para discutir un nuevo piso salarial. La secretaria general de Ctera, Sonia Alesso, denunci\u00f3 que hasta el momento no fueron convocados por el secretario de Educaci\u00f3n, Carlos Torrendell. \u00abDeber\u00eda ser urgente, o ya deber\u00eda haber sido\u00bb, remarc\u00f3.<\/p>\n<p>El salario m\u00ednimo docente se encuentra fijado en $420.000 desde agosto, monto que, seg\u00fan Alesso, resulta insuficiente frente a la escalada inflacionaria. La sindicalista destac\u00f3 que la falta de actualizaci\u00f3n del piso nacional afecta negativamente las negociaciones salariales en las provincias. \u00abCuando el piso nacional est\u00e1 bajo, tambi\u00e9n tira las otras negociaciones para abajo\u00bb, explic\u00f3.<\/p>\n<p>Sergio Romero, secretario general de la Uni\u00f3n de Docentes Argentinos (UDA), sostuvo que, si bien mantienen conversaciones informales con el Gobierno, a\u00fan no existe una convocatoria formal a la paritaria. \u00abTenemos una especie de confianza, creemos que el Gobierno y las provincias tendr\u00e1n la sensibilidad necesaria para mejorar el salario\u00bb, declar\u00f3.<\/p>\n<p>Esta falta de definiciones genera tensi\u00f3n en la previa al inicio del ciclo lectivo. En la Ciudad de Buenos Aires, las clases comienzan el 24 de febrero para nivel inicial y primario, y el 5 de marzo para secundaria. Los gremios advierten que, si no se reabre la paritaria, podr\u00eda haber medidas de fuerza que compliquen el normal comienzo de las clases.<\/p>\n<p>El Gobierno nacional, que hasta ahora ha evitado pronunciarse oficialmente, enfrenta una situaci\u00f3n compleja, ya que la paritaria nacional funciona como par\u00e1metro para los acuerdos provinciales. Con la inflaci\u00f3n en ascenso y el poder adquisitivo deteriorado, el conflicto docente suma presi\u00f3n al escenario econ\u00f3mico y social.<\/p>\n<p>En conclusi\u00f3n, el inicio del ciclo lectivo est\u00e1 en vilo ante la falta de definiciones salariales. Los gremios insisten en la urgencia de la convocatoria paritaria y advierten que, sin una respuesta concreta, podr\u00edan tomar medidas de fuerza. La resoluci\u00f3n del conflicto ser\u00e1 clave para garantizar el derecho a la educaci\u00f3n y evitar un arranque de clases marcado por paros y protestas.<\/p>\n","protected":false},"excerpt":{"rendered":"<p>A pocas semanas del inicio del ciclo lectivo, los gremios docentes exigen al Gobierno nacional la reapertura de la paritaria<\/p>\n","protected":false},"author":1,"featured_media":105092,"comment_status":"closed","ping_status":"closed","sticky":false,"template":"","format":"standard","meta":{"kia_subtitle":"Los gremios advierten sobre posibles medidas de fuerza si el Gobierno no convoca a negociar el salario m\u00ednimo docente.","footnotes":"","jetpack_publicize_message":"","jetpack_publicize_feature_enabled":true,"jetpack_social_post_already_shared":true,"jetpack_social_options":{"image_generator_settings":{"template":"highway","default_image_id":0,"font":"","enabled":false},"version":2}},"categories":[3,41],"tags":[],"class_list":["post-113423","post","type-post","status-publish","format-standard","has-post-thumbnail","hentry","category-actualidad","category-nacionales"],"jetpack_publicize_connections":[],"jetpack_featured_media_url":"https:\/\/laurbedigital.com.ar\/noticias\/wp-content\/uploads\/2024\/05\/20240520-Clases-Aula-Paro-Docente.jpg","_links":{"self":[{"href":"https:\/\/laurbedigital.com.ar\/noticias\/wp-json\/wp\/v2\/posts\/113423","targetHints":{"allow":["GET"]}}],"collection":[{"href":"https:\/\/laurbedigital.com.ar\/noticias\/wp-json\/wp\/v2\/posts"}],"about":[{"href":"https:\/\/laurbedigital.com.ar\/noticias\/wp-json\/wp\/v2\/types\/post"}],"author":[{"embeddable":true,"href":"https:\/\/laurbedigital.com.ar\/noticias\/wp-json\/wp\/v2\/users\/1"}],"replies":[{"embeddable":true,"href":"https:\/\/laurbedigital.com.ar\/noticias\/wp-json\/wp\/v2\/comments?post=113423"}],"version-history":[{"count":2,"href":"https:\/\/laurbedigital.com.ar\/noticias\/wp-json\/wp\/v2\/posts\/113423\/revisions"}],"predecessor-version":[{"id":113425,"href":"https:\/\/laurbedigital.com.ar\/noticias\/wp-json\/wp\/v2\/posts\/113423\/revisions\/113425"}],"wp:featuredmedia":[{"embeddable":true,"href":"https:\/\/laurbedigital.com.ar\/noticias\/wp-json\/wp\/v2\/media\/105092"}],"wp:attachment":[{"href":"https:\/\/laurbedigital.com.ar\/noticias\/wp-json\/wp\/v2\/media?parent=113423"}],"wp:term":[{"taxonomy":"category","embeddable":true,"href":"https:\/\/laurbedigital.com.ar\/noticias\/wp-json\/wp\/v2\/categories?post=113423"},{"taxonomy":"post_tag","embeddable":true,"href":"https:\/\/laurbedigital.com.ar\/noticias\/wp-json\/wp\/v2\/tags?post=113423"}],"curies":[{"name":"wp","href":"https:\/\/api.w.org\/{rel}","templated":true}]}}