{"id":113420,"date":"2025-02-14T03:12:31","date_gmt":"2025-02-14T06:12:31","guid":{"rendered":"https:\/\/laurbedigital.com.ar\/noticias\/?p=113420"},"modified":"2025-02-14T03:12:31","modified_gmt":"2025-02-14T06:12:31","slug":"crisis-textil-la-caida-de-la-demanda-detras-de-la-baja-en-los-precios","status":"publish","type":"post","link":"https:\/\/laurbedigital.com.ar\/noticias\/2025\/02\/14\/crisis-textil-la-caida-de-la-demanda-detras-de-la-baja-en-los-precios\/","title":{"rendered":"Crisis textil: la ca\u00edda de la demanda detr\u00e1s de la baja en los precios"},"content":{"rendered":"<p>En enero, el sector de prendas de vestir y calzado registr\u00f3 su primera deflaci\u00f3n desde 2019, con una ca\u00edda del 0,7%, seg\u00fan el Instituto Nacional de Estad\u00edstica y Censos (Indec). Sin embargo, lejos de ser una buena noticia, la Fundaci\u00f3n Pro Tejer advirti\u00f3 que esta baja se debe a un alarmante desplome en la demanda.<\/p>\n<p>De acuerdo con la entidad, la ca\u00edda de precios no responde a una apertura econ\u00f3mica ni a un aumento de la competencia, ya que las importaciones de ropa tambi\u00e9n disminuyeron. \u00abNo se vende ni nacional ni importado\u00bb, se\u00f1alaron, subrayando que muchas empresas operan con rentabilidades negativas y hacen esfuerzos por sostener el empleo ante un mercado asfixiado por la ca\u00edda del consumo.<\/p>\n<p>En contraste, algunos economistas atribuyen la deflaci\u00f3n a la apertura de importaciones y a las rebajas anticipadas por cambio de temporada. No obstante, el informe de Pro Tejer desestima esa explicaci\u00f3n, destacando que los costos crecientes en d\u00f3lares y la baja sostenida del consumo est\u00e1n erosionando la viabilidad de las empresas. Esta situaci\u00f3n impacta no solo en la rentabilidad, sino tambi\u00e9n en la capacidad de mantener puestos de trabajo.<\/p>\n<p>El ministro de Econom\u00eda, Luis Caputo, se refiri\u00f3 al escenario de precios altos en la indumentaria local y pronostic\u00f3 que estos caer\u00e1n \u00abfuertemente en los pr\u00f3ximos doce meses\u00bb gracias a la competencia. En una entrevista televisiva, ejemplific\u00f3 que una prenda que se vende a 500 d\u00f3lares en Argentina cuesta la mitad en Chile debido a la mayor competencia. Seg\u00fan Caputo, la apertura de las importaciones impulsar\u00e1 una baja de precios significativa.<\/p>\n<p>A pesar de este pron\u00f3stico optimista, la industria textil enfrenta un panorama sombr\u00edo. Las empresas advierten que sin una recuperaci\u00f3n en el consumo, la ca\u00edda de precios ser\u00e1 insostenible y se traducir\u00e1 en cierres y despidos. El desaf\u00edo radica en equilibrar la apertura econ\u00f3mica con pol\u00edticas que impulsen la demanda interna y protejan el empleo.<\/p>\n<p>En conclusi\u00f3n, la baja en los precios de la ropa esconde una crisis profunda. Mientras el Gobierno apuesta a la competencia como motor de precios m\u00e1s accesibles, el sector textil reclama medidas urgentes para enfrentar una coyuntura marcada por la recesi\u00f3n y la p\u00e9rdida de rentabilidad. El tiempo dir\u00e1 si la estrategia oficial logra reactivar el consumo o si, por el contrario, profundiza el deterioro de una industria clave para el empleo y la producci\u00f3n nacional.<\/p>\n<p>&nbsp;<\/p>\n","protected":false},"excerpt":{"rendered":"<p>En enero, el sector de prendas de vestir y calzado registr\u00f3 su primera deflaci\u00f3n desde 2019, con una ca\u00edda del<\/p>\n","protected":false},"author":1,"featured_media":66423,"comment_status":"closed","ping_status":"closed","sticky":false,"template":"","format":"standard","meta":{"kia_subtitle":"La industria de la indumentaria enfrenta rentabilidades negativas pese a la deflaci\u00f3n registrada en enero.","footnotes":"","jetpack_publicize_message":"","jetpack_publicize_feature_enabled":true,"jetpack_social_post_already_shared":true,"jetpack_social_options":{"image_generator_settings":{"template":"highway","default_image_id":0,"font":"","enabled":false},"version":2}},"categories":[3,41],"tags":[],"class_list":["post-113420","post","type-post","status-publish","format-standard","has-post-thumbnail","hentry","category-actualidad","category-nacionales"],"jetpack_publicize_connections":[],"jetpack_featured_media_url":"https:\/\/laurbedigital.com.ar\/noticias\/wp-content\/uploads\/2021\/12\/20211205-Textil-ropa-indumentaria.jpg","_links":{"self":[{"href":"https:\/\/laurbedigital.com.ar\/noticias\/wp-json\/wp\/v2\/posts\/113420","targetHints":{"allow":["GET"]}}],"collection":[{"href":"https:\/\/laurbedigital.com.ar\/noticias\/wp-json\/wp\/v2\/posts"}],"about":[{"href":"https:\/\/laurbedigital.com.ar\/noticias\/wp-json\/wp\/v2\/types\/post"}],"author":[{"embeddable":true,"href":"https:\/\/laurbedigital.com.ar\/noticias\/wp-json\/wp\/v2\/users\/1"}],"replies":[{"embeddable":true,"href":"https:\/\/laurbedigital.com.ar\/noticias\/wp-json\/wp\/v2\/comments?post=113420"}],"version-history":[{"count":2,"href":"https:\/\/laurbedigital.com.ar\/noticias\/wp-json\/wp\/v2\/posts\/113420\/revisions"}],"predecessor-version":[{"id":113422,"href":"https:\/\/laurbedigital.com.ar\/noticias\/wp-json\/wp\/v2\/posts\/113420\/revisions\/113422"}],"wp:featuredmedia":[{"embeddable":true,"href":"https:\/\/laurbedigital.com.ar\/noticias\/wp-json\/wp\/v2\/media\/66423"}],"wp:attachment":[{"href":"https:\/\/laurbedigital.com.ar\/noticias\/wp-json\/wp\/v2\/media?parent=113420"}],"wp:term":[{"taxonomy":"category","embeddable":true,"href":"https:\/\/laurbedigital.com.ar\/noticias\/wp-json\/wp\/v2\/categories?post=113420"},{"taxonomy":"post_tag","embeddable":true,"href":"https:\/\/laurbedigital.com.ar\/noticias\/wp-json\/wp\/v2\/tags?post=113420"}],"curies":[{"name":"wp","href":"https:\/\/api.w.org\/{rel}","templated":true}]}}