{"id":113418,"date":"2025-02-14T02:52:34","date_gmt":"2025-02-14T05:52:34","guid":{"rendered":"https:\/\/laurbedigital.com.ar\/noticias\/?p=113418"},"modified":"2025-02-14T02:52:34","modified_gmt":"2025-02-14T05:52:34","slug":"dia-de-los-enamorados-por-que-se-celebra-el-14-de-febrero","status":"publish","type":"post","link":"https:\/\/laurbedigital.com.ar\/noticias\/2025\/02\/14\/dia-de-los-enamorados-por-que-se-celebra-el-14-de-febrero\/","title":{"rendered":"D\u00eda de los Enamorados: por qu\u00e9 se celebra el 14 de febrero"},"content":{"rendered":"<p>El origen del D\u00eda de los enamorados se remonta hacia el <strong>siglo III<\/strong>, en Roma. Est\u00e1 basado en una leyenda que cuenta la emotiva historia de un sacerdote que desafi\u00f3 las \u00f3rdenes del emperador romano\u00a0<strong>Claudius Aurelius Marcus Gothicus<\/strong>, Claudio II, quien hab\u00eda prohibido la celebraci\u00f3n de matrimonios para los j\u00f3venes, porque a su entender los solteros sin familia y con menos ataduras eran mejores soldados.<\/p>\n<p>El\u00a0<strong>sacerdote<\/strong>\u00a0San Valent\u00edn consider\u00f3 que el decreto era injusto y en secreto celebraba matrimonios para j\u00f3venes enamorados y por esto fue\u00a0<strong>martirizado<\/strong>\u00a0y posteriormente ejecutado el 14 de febrero.<\/p>\n<p>El emperador\u00a0<strong>Claudio<\/strong> orden\u00f3 que se encarcelara a Valent\u00edn. Entonces, el oficial Asterius, encargado de encarcelarle, quiso ridiculizar y poner a prueba a Valent\u00edn. Le ret\u00f3 a que devolviese la vista a una hija suya, llamada Julia, que naci\u00f3 ciega. Valent\u00edn acept\u00f3 y, en nombre del Se\u00f1or, le devolvi\u00f3 la vista.<\/p>\n<p>Este hecho estremeci\u00f3 a <strong>Asterius<\/strong>\u00a0y su familia, quienes se convirtieron al cristianismo. De todas formas, Valent\u00edn sigui\u00f3 preso y el d\u00e9bil emperador Claudio finalmente orden\u00f3 que lo martirizaran y ejecutaran el\u00a0<strong>14 de febrero del a\u00f1o 270<\/strong>.<\/p>\n<p>La <strong>joven<\/strong>\u00a0Julia, agradecida, plant\u00f3 un almendro de flores rosadas junto a su tumba. De ah\u00ed que el almendro sea s\u00edmbolo de amor y amistad duraderos.<\/p>\n<h4><strong>D\u00eda de los Enamorados: \u00bfen qu\u00e9 pa\u00edses se celebra?<\/strong><\/h4>\n<p>Este 14 de febrero se celebra en muchos pa\u00edses europeos (<b>Espa\u00f1a, Austria, B\u00e9lgica o Francia, entre otros<\/b>) como el D\u00eda Internacional de los Enamorados, sin embargo, no todo el mundo celebra San Valent\u00edn el mismo d\u00eda. Incluso en algunos lugares cambia el significado.<\/p>\n<p>Sin salir del viejo continente, destacan\u00a0<b>Finlandia y Estonia.<\/b>\u00a0En estos lugares, el D\u00eda de San Valent\u00edn es todo un\u00a0<b>homenaje a la amistad y recibe el nombre de &#8216;Sobrap\u00e4ev&#8217; y &#8216;Yst\u00e4v\u00e4n Paiva&#8217;,<\/b>\u00a0respectivamente.<\/p>\n<p><b>En algunos pa\u00edses de Am\u00e9rica Latina como Argentina, Chile, Cuba, Ecuador, Puerto Rico, Rep\u00fablica Dominicana o Uruguay este d\u00eda se celebra tambi\u00e9n el 14 de febrero<\/b>, un d\u00eda en el que los regalos m\u00e1s recurrentes son flores, cartas o bombones, entre otros.<\/p>\n","protected":false},"excerpt":{"rendered":"<p>El origen del D\u00eda de los enamorados se remonta hacia el siglo III, en Roma. Est\u00e1 basado en una leyenda<\/p>\n","protected":false},"author":1,"featured_media":70519,"comment_status":"closed","ping_status":"closed","sticky":false,"template":"","format":"standard","meta":{"kia_subtitle":"Este mi\u00e9rcoles se festeja D\u00eda de San Valent\u00edn en la Argentina y en todo el mundo. Conoc\u00e9 la raz\u00f3n y cu\u00e1l es el origen.","footnotes":"","jetpack_publicize_message":"","jetpack_publicize_feature_enabled":true,"jetpack_social_post_already_shared":true,"jetpack_social_options":{"image_generator_settings":{"template":"highway","default_image_id":0,"font":"","enabled":false},"version":2}},"categories":[5,2594],"tags":[],"class_list":["post-113418","post","type-post","status-publish","format-standard","has-post-thumbnail","hentry","category-cultura","category-efemerides"],"jetpack_publicize_connections":[],"jetpack_featured_media_url":"https:\/\/laurbedigital.com.ar\/noticias\/wp-content\/uploads\/2022\/02\/20220213-dia-de-los-enamorados.jpg","_links":{"self":[{"href":"https:\/\/laurbedigital.com.ar\/noticias\/wp-json\/wp\/v2\/posts\/113418","targetHints":{"allow":["GET"]}}],"collection":[{"href":"https:\/\/laurbedigital.com.ar\/noticias\/wp-json\/wp\/v2\/posts"}],"about":[{"href":"https:\/\/laurbedigital.com.ar\/noticias\/wp-json\/wp\/v2\/types\/post"}],"author":[{"embeddable":true,"href":"https:\/\/laurbedigital.com.ar\/noticias\/wp-json\/wp\/v2\/users\/1"}],"replies":[{"embeddable":true,"href":"https:\/\/laurbedigital.com.ar\/noticias\/wp-json\/wp\/v2\/comments?post=113418"}],"version-history":[{"count":1,"href":"https:\/\/laurbedigital.com.ar\/noticias\/wp-json\/wp\/v2\/posts\/113418\/revisions"}],"predecessor-version":[{"id":113419,"href":"https:\/\/laurbedigital.com.ar\/noticias\/wp-json\/wp\/v2\/posts\/113418\/revisions\/113419"}],"wp:featuredmedia":[{"embeddable":true,"href":"https:\/\/laurbedigital.com.ar\/noticias\/wp-json\/wp\/v2\/media\/70519"}],"wp:attachment":[{"href":"https:\/\/laurbedigital.com.ar\/noticias\/wp-json\/wp\/v2\/media?parent=113418"}],"wp:term":[{"taxonomy":"category","embeddable":true,"href":"https:\/\/laurbedigital.com.ar\/noticias\/wp-json\/wp\/v2\/categories?post=113418"},{"taxonomy":"post_tag","embeddable":true,"href":"https:\/\/laurbedigital.com.ar\/noticias\/wp-json\/wp\/v2\/tags?post=113418"}],"curies":[{"name":"wp","href":"https:\/\/api.w.org\/{rel}","templated":true}]}}