{"id":113351,"date":"2025-02-11T00:06:46","date_gmt":"2025-02-11T03:06:46","guid":{"rendered":"https:\/\/laurbedigital.com.ar\/noticias\/?p=113351"},"modified":"2025-02-11T00:06:46","modified_gmt":"2025-02-11T03:06:46","slug":"corrientes-en-llamas-el-fuego-arrasa-miles-de-hectareas-y-golpea-al-sector-agropecuario","status":"publish","type":"post","link":"https:\/\/laurbedigital.com.ar\/noticias\/2025\/02\/11\/corrientes-en-llamas-el-fuego-arrasa-miles-de-hectareas-y-golpea-al-sector-agropecuario\/","title":{"rendered":"Corrientes en llamas: el fuego arrasa miles de hect\u00e1reas y golpea al sector agropecuario"},"content":{"rendered":"<p>La provincia de Corrientes enfrenta una grave crisis ambiental debido a los incendios que avanzan sin control en diversas localidades. El fuego ya arras\u00f3 m\u00e1s de 7500 hect\u00e1reas y amenaza la producci\u00f3n agropecuaria y ganadera. Bomberos y brigadistas despliegan todos los recursos disponibles, mientras la poblaci\u00f3n y los productores temen por las consecuencias a largo plazo.<\/p>\n<p>Las llamas se extienden por Loma Alta, Tres Cerros, La Cruz, Mantilla y Estaci\u00f3n Solar, donde el trabajo de bomberos voluntarios y aviones hidrantes intenta contener el avance del fuego. Bruno Lovinson, coordinador del Comando Operativo de Emergencias, inform\u00f3 que los focos en Gobernador Mart\u00ednez y Perugorr\u00eda fueron extinguidos, aunque la situaci\u00f3n sigue siendo cr\u00edtica en otras zonas.<\/p>\n<p>Uno de los puntos m\u00e1s preocupantes se encuentra en la Ruta Nacional 14, cerca de Paso de los Libres. Las densas columnas de humo obligaron a interrumpir el tr\u00e1nsito, generando inconvenientes en la circulaci\u00f3n.<\/p>\n<p>El sector agropecuario es uno de los m\u00e1s afectados. La p\u00e9rdida de pasturas y cultivos compromete la producci\u00f3n, y los productores deben afrontar altos costos para alimentar al ganado. Federico Palma, de la Asociaci\u00f3n de Sociedades Rurales de Corrientes, indic\u00f3 que se mantiene contacto con el Centro de Operaciones de Emergencia para coordinar esfuerzos y minimizar da\u00f1os.<\/p>\n<p>El antecedente inmediato es alarmante: en 2022, Corrientes sufri\u00f3 incendios que devastaron m\u00e1s de un mill\u00f3n de hect\u00e1reas. La sequ\u00eda prolongada y las altas temperaturas, exacerbadas por el fen\u00f3meno de La Ni\u00f1a, favorecen la propagaci\u00f3n del fuego. Adem\u00e1s, las quemas controladas mal gestionadas pueden agravar la crisis en lugar de mitigarla.<\/p>\n<p>El impacto de los incendios no solo afecta la producci\u00f3n agropecuaria. La destrucci\u00f3n de alambrados, instalaciones el\u00e9ctricas y dep\u00f3sitos complica la operatividad de los productores y genera p\u00e9rdidas econ\u00f3micas adicionales. En la ganader\u00eda, muchos animales sufren lesiones o mueren debido a la falta de alimento y el calor extremo, mientras que en la agricultura la calidad del suelo se deteriora, dificultando su recuperaci\u00f3n en el corto plazo.<\/p>\n","protected":false},"excerpt":{"rendered":"<p>La provincia de Corrientes enfrenta una grave crisis ambiental debido a los incendios que avanzan sin control en diversas localidades.<\/p>\n","protected":false},"author":1,"featured_media":113352,"comment_status":"closed","ping_status":"closed","sticky":false,"template":"","format":"standard","meta":{"kia_subtitle":"Los incendios forestales en Corrientes ya consumieron m\u00e1s de 7500 hect\u00e1reas, afectando la producci\u00f3n agropecuaria y ganadera. Brigadistas trabajan contrarreloj para contener las llamas, mientras crece la preocupaci\u00f3n por el impacto econ\u00f3mico y ambiental.","footnotes":"","jetpack_publicize_message":"","jetpack_publicize_feature_enabled":true,"jetpack_social_post_already_shared":true,"jetpack_social_options":{"image_generator_settings":{"template":"highway","default_image_id":0,"font":"","enabled":false},"version":2}},"categories":[3,41],"tags":[],"class_list":["post-113351","post","type-post","status-publish","format-standard","has-post-thumbnail","hentry","category-actualidad","category-nacionales"],"jetpack_publicize_connections":[],"jetpack_featured_media_url":"https:\/\/laurbedigital.com.ar\/noticias\/wp-content\/uploads\/2025\/02\/20250211-Corrientes.jpg","_links":{"self":[{"href":"https:\/\/laurbedigital.com.ar\/noticias\/wp-json\/wp\/v2\/posts\/113351","targetHints":{"allow":["GET"]}}],"collection":[{"href":"https:\/\/laurbedigital.com.ar\/noticias\/wp-json\/wp\/v2\/posts"}],"about":[{"href":"https:\/\/laurbedigital.com.ar\/noticias\/wp-json\/wp\/v2\/types\/post"}],"author":[{"embeddable":true,"href":"https:\/\/laurbedigital.com.ar\/noticias\/wp-json\/wp\/v2\/users\/1"}],"replies":[{"embeddable":true,"href":"https:\/\/laurbedigital.com.ar\/noticias\/wp-json\/wp\/v2\/comments?post=113351"}],"version-history":[{"count":2,"href":"https:\/\/laurbedigital.com.ar\/noticias\/wp-json\/wp\/v2\/posts\/113351\/revisions"}],"predecessor-version":[{"id":113354,"href":"https:\/\/laurbedigital.com.ar\/noticias\/wp-json\/wp\/v2\/posts\/113351\/revisions\/113354"}],"wp:featuredmedia":[{"embeddable":true,"href":"https:\/\/laurbedigital.com.ar\/noticias\/wp-json\/wp\/v2\/media\/113352"}],"wp:attachment":[{"href":"https:\/\/laurbedigital.com.ar\/noticias\/wp-json\/wp\/v2\/media?parent=113351"}],"wp:term":[{"taxonomy":"category","embeddable":true,"href":"https:\/\/laurbedigital.com.ar\/noticias\/wp-json\/wp\/v2\/categories?post=113351"},{"taxonomy":"post_tag","embeddable":true,"href":"https:\/\/laurbedigital.com.ar\/noticias\/wp-json\/wp\/v2\/tags?post=113351"}],"curies":[{"name":"wp","href":"https:\/\/api.w.org\/{rel}","templated":true}]}}