{"id":113316,"date":"2025-02-10T01:45:17","date_gmt":"2025-02-10T04:45:17","guid":{"rendered":"https:\/\/laurbedigital.com.ar\/noticias\/?p=113316"},"modified":"2025-02-10T01:45:17","modified_gmt":"2025-02-10T04:45:17","slug":"crece-la-crisis-en-el-transporte-publico-del-amba","status":"publish","type":"post","link":"https:\/\/laurbedigital.com.ar\/noticias\/2025\/02\/10\/crece-la-crisis-en-el-transporte-publico-del-amba\/","title":{"rendered":"Crece la crisis en el transporte p\u00fablico del AMBA"},"content":{"rendered":"<p>La crisis del transporte p\u00fablico en el \u00c1rea Metropolitana de Buenos Aires (AMBA) se agrava, seg\u00fan datos publicados por la Asociaci\u00f3n Argentina de Empresarios del Transporte Automotor (Aaeta). La entidad advierte que la diferencia entre el costo real del servicio y la tarifa t\u00e9cnica sigue en aumento, lo que genera problemas en la frecuencia de los colectivos y deteriora la calidad del servicio.<\/p>\n<p>El cuadro estad\u00edstico difundido por Aaeta muestra que la brecha entre la tarifa t\u00e9cnica (que incluye los subsidios y el monto abonado por el usuario) y el costo real de trasladar pasajeros en el AMBA ha alcanzado el 38% y mantiene una tendencia creciente desde 2022. Esta situaci\u00f3n, seg\u00fan la entidad, repercute directamente en la reducci\u00f3n de servicios y en conflictos dentro del sector.<\/p>\n<p>La soluci\u00f3n a este problema parece encaminarse en dos direcciones: un refuerzo en los subsidios estatales o un incremento en el precio del pasaje. Sin embargo, hasta el momento, el Gobierno nacional no ha tomado ninguna decisi\u00f3n concreta respecto a estas opciones, lo que agrava la incertidumbre en el sector.<\/p>\n<p>Semanas atr\u00e1s, Aaeta inform\u00f3 que el valor t\u00e9cnico del boleto m\u00ednimo de colectivo ronda los $1.400. Sin embargo, las empresas solo perciben $861, considerando el monto que abonan los pasajeros y el subsidio estatal. Esta diferencia impacta en la rentabilidad del servicio y complica la operatividad de las empresas.<\/p>\n<p>El futuro del transporte en el AMBA sigue siendo incierto. Mientras las empresas alertan sobre la inviabilidad econ\u00f3mica del sistema en estas condiciones, los usuarios contin\u00faan enfrentando una disminuci\u00f3n en la calidad del servicio y posibles aumentos en la tarifa. En este contexto, la definici\u00f3n de pol\u00edticas p\u00fablicas efectivas resulta fundamental para evitar un colapso del transporte p\u00fablico en la regi\u00f3n.<\/p>\n","protected":false},"excerpt":{"rendered":"<p>La crisis del transporte p\u00fablico en el \u00c1rea Metropolitana de Buenos Aires (AMBA) se agrava, seg\u00fan datos publicados por la<\/p>\n","protected":false},"author":1,"featured_media":113317,"comment_status":"closed","ping_status":"closed","sticky":false,"template":"","format":"standard","meta":{"kia_subtitle":"La brecha entre costos y tarifas afecta la calidad del servicio.","footnotes":"","jetpack_publicize_message":"","jetpack_publicize_feature_enabled":true,"jetpack_social_post_already_shared":true,"jetpack_social_options":{"image_generator_settings":{"template":"highway","default_image_id":0,"font":"","enabled":false},"version":2}},"categories":[3,13],"tags":[],"class_list":["post-113316","post","type-post","status-publish","format-standard","has-post-thumbnail","hentry","category-actualidad","category-region"],"jetpack_publicize_connections":[],"jetpack_featured_media_url":"https:\/\/laurbedigital.com.ar\/noticias\/wp-content\/uploads\/2025\/02\/20250210-Transporte-colectivos.jpg","_links":{"self":[{"href":"https:\/\/laurbedigital.com.ar\/noticias\/wp-json\/wp\/v2\/posts\/113316","targetHints":{"allow":["GET"]}}],"collection":[{"href":"https:\/\/laurbedigital.com.ar\/noticias\/wp-json\/wp\/v2\/posts"}],"about":[{"href":"https:\/\/laurbedigital.com.ar\/noticias\/wp-json\/wp\/v2\/types\/post"}],"author":[{"embeddable":true,"href":"https:\/\/laurbedigital.com.ar\/noticias\/wp-json\/wp\/v2\/users\/1"}],"replies":[{"embeddable":true,"href":"https:\/\/laurbedigital.com.ar\/noticias\/wp-json\/wp\/v2\/comments?post=113316"}],"version-history":[{"count":1,"href":"https:\/\/laurbedigital.com.ar\/noticias\/wp-json\/wp\/v2\/posts\/113316\/revisions"}],"predecessor-version":[{"id":113318,"href":"https:\/\/laurbedigital.com.ar\/noticias\/wp-json\/wp\/v2\/posts\/113316\/revisions\/113318"}],"wp:featuredmedia":[{"embeddable":true,"href":"https:\/\/laurbedigital.com.ar\/noticias\/wp-json\/wp\/v2\/media\/113317"}],"wp:attachment":[{"href":"https:\/\/laurbedigital.com.ar\/noticias\/wp-json\/wp\/v2\/media?parent=113316"}],"wp:term":[{"taxonomy":"category","embeddable":true,"href":"https:\/\/laurbedigital.com.ar\/noticias\/wp-json\/wp\/v2\/categories?post=113316"},{"taxonomy":"post_tag","embeddable":true,"href":"https:\/\/laurbedigital.com.ar\/noticias\/wp-json\/wp\/v2\/tags?post=113316"}],"curies":[{"name":"wp","href":"https:\/\/api.w.org\/{rel}","templated":true}]}}