{"id":113310,"date":"2025-02-10T01:13:51","date_gmt":"2025-02-10T04:13:51","guid":{"rendered":"https:\/\/laurbedigital.com.ar\/noticias\/?p=113310"},"modified":"2025-02-10T01:13:51","modified_gmt":"2025-02-10T04:13:51","slug":"la-provincia-envia-brigadistas-a-neuquen-y-refuerza-recursos-en-rio-negro","status":"publish","type":"post","link":"https:\/\/laurbedigital.com.ar\/noticias\/2025\/02\/10\/la-provincia-envia-brigadistas-a-neuquen-y-refuerza-recursos-en-rio-negro\/","title":{"rendered":"La Provincia env\u00eda brigadistas a Neuqu\u00e9n y refuerza recursos en R\u00edo Negro"},"content":{"rendered":"<p><span style=\"font-weight: 400;\">Tras un pedido del Gobierno Nacional, a trav\u00e9s del Servicio Nacional de Manejo del Fuego (SNMF), la provincia de Buenos Aires envi\u00f3 110 efectivos, 17 veh\u00edculos y equipamiento forestal y log\u00edstico para ayudar a combatir los incendios que se desarrollan en Alumin\u00e9, provincia de Neuqu\u00e9n.\u00a0<\/span><\/p>\n<p><span style=\"font-weight: 400;\">Al mismo tiempo, tambi\u00e9n por solicitud del SNMF, el Gobierno bonaerense reforz\u00f3 la presencia en El Bols\u00f3n, Rio Negro, con la disposici\u00f3n de 26 nuevos brigadistas y cinco m\u00f3viles, que se suman a los enviados el martes pasado.\u00a0<\/span><\/p>\n<p><span style=\"font-weight: 400;\">En ambas jurisdicciones, el personal especializado dispuesto por la provincia de Buenos Aires, a trav\u00e9s del Ministerio de Seguridad, est\u00e1 integrado por miembros de Defensa Civil, bomberos de la Polic\u00eda y Voluntarios de las tres Federaciones que funcionan en territorio bonaerense (Centro-Sur, Bonaerense y Provincia).<\/span><\/p>\n<p><strong>R\u00edo Negro<\/strong><\/p>\n<p><span style=\"font-weight: 400;\">La provincia de Buenos Aires envi\u00f3 el 4 de febrero una comitiva integrada por 46 personas y 13 m\u00f3viles para colaborar con los incendios en El Bols\u00f3n, R\u00edo Negro. A partir de hoy, esos recursos fueron reforzados con 26 nuevos brigadistas y cinco veh\u00edculos livianos.<\/span><\/p>\n","protected":false},"excerpt":{"rendered":"<p>Tras un pedido del Gobierno Nacional, a trav\u00e9s del Servicio Nacional de Manejo del Fuego (SNMF), la provincia de Buenos<\/p>\n","protected":false},"author":1,"featured_media":113311,"comment_status":"closed","ping_status":"closed","sticky":false,"template":"","format":"standard","meta":{"kia_subtitle":"El personal est\u00e1 integrado por miembros de Defensa Civil, bomberos de la Polic\u00eda y Voluntarios.","footnotes":"","jetpack_publicize_message":"","jetpack_publicize_feature_enabled":true,"jetpack_social_post_already_shared":true,"jetpack_social_options":{"image_generator_settings":{"template":"highway","default_image_id":0,"font":"","enabled":false},"version":2}},"categories":[3,56],"tags":[],"class_list":["post-113310","post","type-post","status-publish","format-standard","has-post-thumbnail","hentry","category-actualidad","category-buenos-aires"],"jetpack_publicize_connections":[],"jetpack_featured_media_url":"https:\/\/laurbedigital.com.ar\/noticias\/wp-content\/uploads\/2025\/02\/20250210-Brigadistas.jpg","_links":{"self":[{"href":"https:\/\/laurbedigital.com.ar\/noticias\/wp-json\/wp\/v2\/posts\/113310","targetHints":{"allow":["GET"]}}],"collection":[{"href":"https:\/\/laurbedigital.com.ar\/noticias\/wp-json\/wp\/v2\/posts"}],"about":[{"href":"https:\/\/laurbedigital.com.ar\/noticias\/wp-json\/wp\/v2\/types\/post"}],"author":[{"embeddable":true,"href":"https:\/\/laurbedigital.com.ar\/noticias\/wp-json\/wp\/v2\/users\/1"}],"replies":[{"embeddable":true,"href":"https:\/\/laurbedigital.com.ar\/noticias\/wp-json\/wp\/v2\/comments?post=113310"}],"version-history":[{"count":1,"href":"https:\/\/laurbedigital.com.ar\/noticias\/wp-json\/wp\/v2\/posts\/113310\/revisions"}],"predecessor-version":[{"id":113312,"href":"https:\/\/laurbedigital.com.ar\/noticias\/wp-json\/wp\/v2\/posts\/113310\/revisions\/113312"}],"wp:featuredmedia":[{"embeddable":true,"href":"https:\/\/laurbedigital.com.ar\/noticias\/wp-json\/wp\/v2\/media\/113311"}],"wp:attachment":[{"href":"https:\/\/laurbedigital.com.ar\/noticias\/wp-json\/wp\/v2\/media?parent=113310"}],"wp:term":[{"taxonomy":"category","embeddable":true,"href":"https:\/\/laurbedigital.com.ar\/noticias\/wp-json\/wp\/v2\/categories?post=113310"},{"taxonomy":"post_tag","embeddable":true,"href":"https:\/\/laurbedigital.com.ar\/noticias\/wp-json\/wp\/v2\/tags?post=113310"}],"curies":[{"name":"wp","href":"https:\/\/api.w.org\/{rel}","templated":true}]}}