{"id":113305,"date":"2025-02-10T00:53:05","date_gmt":"2025-02-10T03:53:05","guid":{"rendered":"https:\/\/laurbedigital.com.ar\/noticias\/?p=113305"},"modified":"2025-02-10T00:53:05","modified_gmt":"2025-02-10T03:53:05","slug":"intriga-y-supervivencia-en-una-serie-basada-en-hechos-reales","status":"publish","type":"post","link":"https:\/\/laurbedigital.com.ar\/noticias\/2025\/02\/10\/intriga-y-supervivencia-en-una-serie-basada-en-hechos-reales\/","title":{"rendered":"Intriga y supervivencia en una serie basada en hechos reales"},"content":{"rendered":"<p>La plataforma de streaming m\u00e1s popular del mundo contin\u00faa sorprendiendo con historias atrapantes que reflejan realidades intensas y conmovedoras. En esta oportunidad, \u00abCelda 211\u00bb se ha convertido en un fen\u00f3meno gracias a su representaci\u00f3n impactante de la vida en prisi\u00f3n y la lucha por la supervivencia en un entorno hostil.<\/p>\n<p>Conformada por seis episodios, la serie revive los acontecimientos de enero de 2023 en el Centro de Reinserci\u00f3n Social para Adultos 3 de Chihuahua. All\u00ed, un mot\u00edn expuso la brutalidad de la violencia carcelaria y sus implicancias dentro y fuera de los muros penitenciarios. A partir de estos hechos, la producci\u00f3n construye una narrativa de tensi\u00f3n constante que mantiene al espectador al borde de su asiento.<\/p>\n<p>El protagonista, Juan Oliver, es un abogado de derechos humanos que, en una visita rutinaria a una prisi\u00f3n de m\u00e1xima seguridad, se ve inesperadamente atrapado en medio de un violento levantamiento de los reclusos. Para sobrevivir, no tiene m\u00e1s opci\u00f3n que asumir la identidad de un interno y adaptarse r\u00e1pidamente a las reglas del mundo carcelario. En su lucha por mantenerse con vida, Oliver descubre un sistema lleno de injusticias, donde los reclusos han aprendido a gobernarse por sus propias normas.<\/p>\n<p>El reparto de la serie es encabezado por Diego Calva, quien da vida a Juan Oliver, transmitiendo la desesperaci\u00f3n y el conflicto moral del personaje. A su lado, No\u00e9 Hern\u00e1ndez interpreta a un recluso influyente que jugar\u00e1 un papel clave en su destino. La producci\u00f3n tambi\u00e9n cuenta con la destacada actuaci\u00f3n de Ana Sof\u00eda Gatica, quien encarna a una oficial tomada como reh\u00e9n durante el mot\u00edn.<\/p>\n<p><iframe loading=\"lazy\" title=\"Celda 211 | Tr\u00e1iler oficial | Netflix\" src=\"https:\/\/www.youtube.com\/embed\/WtgD6MYBmdM\" width=\"657\" height=\"370\" frameborder=\"0\" allowfullscreen=\"allowfullscreen\"><\/iframe><\/p>\n<p>M\u00e1s all\u00e1 de su atrapante narrativa, se destaca por la crudeza con la que retrata la vida en prisi\u00f3n, explorando las din\u00e1micas de poder y la delgada l\u00ednea entre el bien y el mal. La serie no solo ofrece acci\u00f3n y suspenso, sino que tambi\u00e9n invita a reflexionar sobre las condiciones carcelarias y la lucha de los presos por sus derechos.<\/p>\n<p>El \u00e9xito de esta producci\u00f3n demuestra el creciente inter\u00e9s del p\u00fablico por historias basadas en hechos reales que desaf\u00edan las percepciones sobre la justicia y la supervivencia. \u00abCelda 211\u00bb es, sin duda, una opci\u00f3n imperdible para quienes buscan una trama intensa y llena de emociones en Netflix.<\/p>\n","protected":false},"excerpt":{"rendered":"<p>La plataforma de streaming m\u00e1s popular del mundo contin\u00faa sorprendiendo con historias atrapantes que reflejan realidades intensas y conmovedoras. En<\/p>\n","protected":false},"author":1,"featured_media":113303,"comment_status":"closed","ping_status":"closed","sticky":false,"template":"","format":"standard","meta":{"kia_subtitle":"Netflix suma otro \u00e9xito a su cat\u00e1logo con \"Celda 211\", una miniserie mexicana que ha cautivado a la audiencia con una trama cargada de acci\u00f3n, traici\u00f3n y un realismo crudo sobre el sistema penitenciario. Inspirada en un mot\u00edn ocurrido en Ciudad Ju\u00e1rez, la producci\u00f3n pone en jaque los l\u00edmites morales de sus protagonistas.","footnotes":"","jetpack_publicize_message":"","jetpack_publicize_feature_enabled":true,"jetpack_social_post_already_shared":true,"jetpack_social_options":{"image_generator_settings":{"template":"highway","default_image_id":0,"font":"","enabled":false},"version":2}},"categories":[68,2600],"tags":[],"class_list":["post-113305","post","type-post","status-publish","format-standard","has-post-thumbnail","hentry","category-cine-y-series","category-espectaculo"],"jetpack_publicize_connections":[],"jetpack_featured_media_url":"https:\/\/laurbedigital.com.ar\/noticias\/wp-content\/uploads\/2025\/02\/20250210-Celda-211.jpg","_links":{"self":[{"href":"https:\/\/laurbedigital.com.ar\/noticias\/wp-json\/wp\/v2\/posts\/113305","targetHints":{"allow":["GET"]}}],"collection":[{"href":"https:\/\/laurbedigital.com.ar\/noticias\/wp-json\/wp\/v2\/posts"}],"about":[{"href":"https:\/\/laurbedigital.com.ar\/noticias\/wp-json\/wp\/v2\/types\/post"}],"author":[{"embeddable":true,"href":"https:\/\/laurbedigital.com.ar\/noticias\/wp-json\/wp\/v2\/users\/1"}],"replies":[{"embeddable":true,"href":"https:\/\/laurbedigital.com.ar\/noticias\/wp-json\/wp\/v2\/comments?post=113305"}],"version-history":[{"count":1,"href":"https:\/\/laurbedigital.com.ar\/noticias\/wp-json\/wp\/v2\/posts\/113305\/revisions"}],"predecessor-version":[{"id":113306,"href":"https:\/\/laurbedigital.com.ar\/noticias\/wp-json\/wp\/v2\/posts\/113305\/revisions\/113306"}],"wp:featuredmedia":[{"embeddable":true,"href":"https:\/\/laurbedigital.com.ar\/noticias\/wp-json\/wp\/v2\/media\/113303"}],"wp:attachment":[{"href":"https:\/\/laurbedigital.com.ar\/noticias\/wp-json\/wp\/v2\/media?parent=113305"}],"wp:term":[{"taxonomy":"category","embeddable":true,"href":"https:\/\/laurbedigital.com.ar\/noticias\/wp-json\/wp\/v2\/categories?post=113305"},{"taxonomy":"post_tag","embeddable":true,"href":"https:\/\/laurbedigital.com.ar\/noticias\/wp-json\/wp\/v2\/tags?post=113305"}],"curies":[{"name":"wp","href":"https:\/\/api.w.org\/{rel}","templated":true}]}}