{"id":113293,"date":"2025-02-10T00:35:50","date_gmt":"2025-02-10T03:35:50","guid":{"rendered":"https:\/\/laurbedigital.com.ar\/noticias\/?p=113293"},"modified":"2025-02-10T00:35:50","modified_gmt":"2025-02-10T03:35:50","slug":"dia-mundial-de-las-legumbres-por-que-se-celebra-hoy-10-de-febrero","status":"publish","type":"post","link":"https:\/\/laurbedigital.com.ar\/noticias\/2025\/02\/10\/dia-mundial-de-las-legumbres-por-que-se-celebra-hoy-10-de-febrero\/","title":{"rendered":"D\u00eda Mundial de las Legumbres: por qu\u00e9 se celebra hoy, 10 de febrero"},"content":{"rendered":"<p>Las legumbres, entre las que se incluyen lentejas, garbanzos, porotos y arvejas, son reconocidas por su alto contenido de prote\u00ednas, fibra, vitaminas y minerales. Su consumo es esencial en dietas equilibradas y una alternativa sustentable a las fuentes de prote\u00edna animal, ya que requieren menos agua y generan menos emisiones de carbono en su producci\u00f3n.<\/p>\n<p>Adem\u00e1s de sus beneficios nutricionales, las legumbres juegan un papel clave en la seguridad alimentaria. Son accesibles y asequibles, lo que las convierte en un recurso fundamental para combatir la malnutrici\u00f3n en diversas regiones del mundo. Su cultivo mejora la fertilidad del suelo, favoreciendo la agricultura sostenible.<\/p>\n<p>A pesar de sus ventajas, su consumo en algunos pa\u00edses ha disminuido en las \u00faltimas d\u00e9cadas debido a cambios en los h\u00e1bitos alimenticios y la preferencia por alimentos ultraprocesados. Sin embargo, expertos en nutrici\u00f3n y organismos internacionales promueven su incorporaci\u00f3n en la dieta diaria, destacando su versatilidad en la cocina y su contribuci\u00f3n a una alimentaci\u00f3n saludable.<\/p>\n<p>En el marco de esta celebraci\u00f3n, se organizan campa\u00f1as de concientizaci\u00f3n, ferias gastron\u00f3micas y actividades educativas para fomentar su consumo. Desde platos tradicionales hasta innovadoras recetas gourmet, las legumbres demuestran su capacidad para adaptarse a distintos paladares y culturas.<\/p>\n<p>Promover el consumo de legumbres es apostar por la salud y el medioambiente. Incorporarlas en la alimentaci\u00f3n diaria no solo mejora la calidad de vida, sino que tambi\u00e9n impulsa un sistema alimentario m\u00e1s sostenible y equitativo. En el D\u00eda Mundial de las Legumbres, la invitaci\u00f3n es clara: redescubrir sus beneficios y aprovechar sus bondades en la mesa.<\/p>\n","protected":false},"excerpt":{"rendered":"<p>Las legumbres, entre las que se incluyen lentejas, garbanzos, porotos y arvejas, son reconocidas por su alto contenido de prote\u00ednas,<\/p>\n","protected":false},"author":1,"featured_media":113294,"comment_status":"closed","ping_status":"closed","sticky":false,"template":"","format":"standard","meta":{"kia_subtitle":"Cada 10 de febrero se celebra el D\u00eda Mundial de las Legumbres, una fecha impulsada por la ONU para destacar su papel fundamental en la alimentaci\u00f3n y la sostenibilidad. Estos peque\u00f1os pero poderosos alimentos no solo son una fuente clave de nutrientes, sino que tambi\u00e9n contribuyen al cuidado del planeta.","footnotes":"","jetpack_publicize_message":"","jetpack_publicize_feature_enabled":true,"jetpack_social_post_already_shared":true,"jetpack_social_options":{"image_generator_settings":{"template":"highway","default_image_id":0,"font":"","enabled":false},"version":2}},"categories":[5,2594],"tags":[],"class_list":["post-113293","post","type-post","status-publish","format-standard","has-post-thumbnail","hentry","category-cultura","category-efemerides"],"jetpack_publicize_connections":[],"jetpack_featured_media_url":"https:\/\/laurbedigital.com.ar\/noticias\/wp-content\/uploads\/2025\/02\/20250210-Legumbres.jpg","_links":{"self":[{"href":"https:\/\/laurbedigital.com.ar\/noticias\/wp-json\/wp\/v2\/posts\/113293","targetHints":{"allow":["GET"]}}],"collection":[{"href":"https:\/\/laurbedigital.com.ar\/noticias\/wp-json\/wp\/v2\/posts"}],"about":[{"href":"https:\/\/laurbedigital.com.ar\/noticias\/wp-json\/wp\/v2\/types\/post"}],"author":[{"embeddable":true,"href":"https:\/\/laurbedigital.com.ar\/noticias\/wp-json\/wp\/v2\/users\/1"}],"replies":[{"embeddable":true,"href":"https:\/\/laurbedigital.com.ar\/noticias\/wp-json\/wp\/v2\/comments?post=113293"}],"version-history":[{"count":1,"href":"https:\/\/laurbedigital.com.ar\/noticias\/wp-json\/wp\/v2\/posts\/113293\/revisions"}],"predecessor-version":[{"id":113295,"href":"https:\/\/laurbedigital.com.ar\/noticias\/wp-json\/wp\/v2\/posts\/113293\/revisions\/113295"}],"wp:featuredmedia":[{"embeddable":true,"href":"https:\/\/laurbedigital.com.ar\/noticias\/wp-json\/wp\/v2\/media\/113294"}],"wp:attachment":[{"href":"https:\/\/laurbedigital.com.ar\/noticias\/wp-json\/wp\/v2\/media?parent=113293"}],"wp:term":[{"taxonomy":"category","embeddable":true,"href":"https:\/\/laurbedigital.com.ar\/noticias\/wp-json\/wp\/v2\/categories?post=113293"},{"taxonomy":"post_tag","embeddable":true,"href":"https:\/\/laurbedigital.com.ar\/noticias\/wp-json\/wp\/v2\/tags?post=113293"}],"curies":[{"name":"wp","href":"https:\/\/api.w.org\/{rel}","templated":true}]}}