{"id":113280,"date":"2025-02-09T03:15:49","date_gmt":"2025-02-09T06:15:49","guid":{"rendered":"https:\/\/laurbedigital.com.ar\/noticias\/?p=113280"},"modified":"2025-02-09T03:15:49","modified_gmt":"2025-02-09T06:15:49","slug":"un-lunes-sofocante-en-el-amba-la-ola-de-calor-podria-marcar-un-record","status":"publish","type":"post","link":"https:\/\/laurbedigital.com.ar\/noticias\/2025\/02\/09\/un-lunes-sofocante-en-el-amba-la-ola-de-calor-podria-marcar-un-record\/","title":{"rendered":"Un lunes sofocante en el AMBA: la ola de calor podr\u00eda marcar un r\u00e9cord"},"content":{"rendered":"<p>El verano en el \u00c1rea Metropolitana de Buenos Aires (AMBA) ha estado marcado por variaciones clim\u00e1ticas intensas, alternando entre olas de calor y tormentas repentinas. Luego de un inicio de temporada moderado, las temperaturas comenzaron a elevarse a partir de enero, dando lugar a d\u00edas de calor extremo. El lunes 3 de febrero, la ciudad registr\u00f3 37,6\u00b0C, la cifra m\u00e1s alta hasta el momento. Sin embargo, los pron\u00f3sticos indican que este lunes 10 podr\u00eda superar el r\u00e9cord hist\u00f3rico para febrero, que es de 38,7\u00b0C.<\/p>\n<p>Seg\u00fan especialistas de Meteored, el fen\u00f3meno se debe a un frente fr\u00edo que ingresar\u00e1 en la Patagonia, provocando vientos continentales calientes provenientes del noroeste. Esta situaci\u00f3n generar\u00e1 temperaturas extremas en varias provincias del centro y norte del pa\u00eds, con la posibilidad de que la Ciudad de Buenos Aires se acerque a la barrera de los 39\u00b0C.<\/p>\n<p>El fin de semana previo ya mostr\u00f3 un ascenso marcado de las temperaturas en la regi\u00f3n, impulsado por vientos del noreste. Sin embargo, el domingo trajo una breve pausa con cielos nublados y un descenso moment\u00e1neo del calor. Para el lunes, se espera un brusco aumento de la temperatura, con registros que podr\u00edan posicionarlo como el d\u00eda m\u00e1s caluroso de la temporada. La hora cr\u00edtica ser\u00eda alrededor de las 16, cuando los modelos inform\u00e1ticos estiman el pico m\u00e1ximo.<\/p>\n<p>El r\u00e9cord absoluto de temperatura para febrero en Buenos Aires data de 1906, con 38,7\u00b0C, mientras que el m\u00e1s reciente corresponde al 12 de febrero de 2013, con 38,1\u00b0C. Si las previsiones se cumplen, este lunes podr\u00eda superar ambas marcas, confirmando la persistencia de una de las olas de calor m\u00e1s intensas registradas en la regi\u00f3n.<\/p>\n<p>Afortunadamente, el alivio no tardar\u00e1 en llegar. Para el martes, est\u00e1n previstas lluvias y tormentas que provocar\u00e1n un descenso moderado de la temperatura, trayendo un respiro tras jornadas de calor extremo. No obstante, los expertos advierten que este tipo de eventos podr\u00edan repetirse en lo que resta del verano, por lo que recomiendan mantenerse informados y tomar precauciones para evitar golpes de calor y deshidrataci\u00f3n.<\/p>\n","protected":false},"excerpt":{"rendered":"<p>El verano en el \u00c1rea Metropolitana de Buenos Aires (AMBA) ha estado marcado por variaciones clim\u00e1ticas intensas, alternando entre olas<\/p>\n","protected":false},"author":1,"featured_media":88975,"comment_status":"closed","ping_status":"closed","sticky":false,"template":"","format":"standard","meta":{"kia_subtitle":"Las altas temperaturas no dan tregua en la regi\u00f3n y este lunes 10 de febrero podr\u00eda convertirse en el d\u00eda m\u00e1s caluroso de la temporada, con una marca cercana a los 39\u00b0C.","footnotes":"","jetpack_publicize_message":"","jetpack_publicize_feature_enabled":true,"jetpack_social_post_already_shared":true,"jetpack_social_options":{"image_generator_settings":{"template":"highway","default_image_id":0,"font":"","enabled":false},"version":2}},"categories":[13],"tags":[],"class_list":["post-113280","post","type-post","status-publish","format-standard","has-post-thumbnail","hentry","category-region"],"jetpack_publicize_connections":[],"jetpack_featured_media_url":"https:\/\/laurbedigital.com.ar\/noticias\/wp-content\/uploads\/2023\/03\/20230305-calor.jpg","_links":{"self":[{"href":"https:\/\/laurbedigital.com.ar\/noticias\/wp-json\/wp\/v2\/posts\/113280","targetHints":{"allow":["GET"]}}],"collection":[{"href":"https:\/\/laurbedigital.com.ar\/noticias\/wp-json\/wp\/v2\/posts"}],"about":[{"href":"https:\/\/laurbedigital.com.ar\/noticias\/wp-json\/wp\/v2\/types\/post"}],"author":[{"embeddable":true,"href":"https:\/\/laurbedigital.com.ar\/noticias\/wp-json\/wp\/v2\/users\/1"}],"replies":[{"embeddable":true,"href":"https:\/\/laurbedigital.com.ar\/noticias\/wp-json\/wp\/v2\/comments?post=113280"}],"version-history":[{"count":1,"href":"https:\/\/laurbedigital.com.ar\/noticias\/wp-json\/wp\/v2\/posts\/113280\/revisions"}],"predecessor-version":[{"id":113281,"href":"https:\/\/laurbedigital.com.ar\/noticias\/wp-json\/wp\/v2\/posts\/113280\/revisions\/113281"}],"wp:featuredmedia":[{"embeddable":true,"href":"https:\/\/laurbedigital.com.ar\/noticias\/wp-json\/wp\/v2\/media\/88975"}],"wp:attachment":[{"href":"https:\/\/laurbedigital.com.ar\/noticias\/wp-json\/wp\/v2\/media?parent=113280"}],"wp:term":[{"taxonomy":"category","embeddable":true,"href":"https:\/\/laurbedigital.com.ar\/noticias\/wp-json\/wp\/v2\/categories?post=113280"},{"taxonomy":"post_tag","embeddable":true,"href":"https:\/\/laurbedigital.com.ar\/noticias\/wp-json\/wp\/v2\/tags?post=113280"}],"curies":[{"name":"wp","href":"https:\/\/api.w.org\/{rel}","templated":true}]}}