{"id":113175,"date":"2025-02-07T02:29:41","date_gmt":"2025-02-07T05:29:41","guid":{"rendered":"https:\/\/laurbedigital.com.ar\/noticias\/?p=113175"},"modified":"2025-02-07T02:29:41","modified_gmt":"2025-02-07T05:29:41","slug":"dia-del-bailarin-de-tango-el-legado-de-el-cachafaz","status":"publish","type":"post","link":"https:\/\/laurbedigital.com.ar\/noticias\/2025\/02\/07\/dia-del-bailarin-de-tango-el-legado-de-el-cachafaz\/","title":{"rendered":"D\u00eda del Bailar\u00edn de Tango: el legado de \u00abEl Cachafaz\u00bb"},"content":{"rendered":"<p>Cada 7 de febrero se celebra el D\u00eda del Bailar\u00edn de Tango, una fecha que rinde tributo a la danza rioplatense y a uno de sus exponentes m\u00e1s legendarios: Jos\u00e9 Ovidio Bianquet, conocido como \u00abEl Cachafaz\u00bb. Su estilo marc\u00f3 un antes y un despu\u00e9s en la historia del tango, dejando un legado imborrable en la cultura argentina.<\/p>\n<p><strong>El origen de la celebraci\u00f3n<\/strong><\/p>\n<p>El d\u00eda elegido para homenajear a los bailarines de tango coincide con la fecha de fallecimiento de \u00abEl Cachafaz\u00bb, ocurrido el 7 de febrero de 1942. Considerado el primer bailar\u00edn profesional del g\u00e9nero, Bianquet fue una figura ic\u00f3nica de la \u00e9poca dorada del tango. Su talento y destreza sobre el escenario lo convirtieron en un referente indiscutido, cuyo arte qued\u00f3 registrado en la pel\u00edcula \u00abTango\u00bb (1933), el primer film sonoro argentino.<\/p>\n<p>Desde muy joven, \u00abEl Cachafaz\u00bb mostr\u00f3 una pasi\u00f3n innata por el baile. Se destac\u00f3 en los salones m\u00e1s prestigiosos de Buenos Aires, donde fue reconocido por su elegancia y t\u00e9cnica impecable. Su estilo se caracterizaba por la combinaci\u00f3n de movimientos fluidos con figuras complejas, algo que lo diferenci\u00f3 de otros bailarines de su tiempo. Junto a su pareja, Carmencita Calder\u00f3n, recorri\u00f3 escenarios de Argentina y el mundo, dejando una huella imborrable en la historia del tango.<\/p>\n<p><strong>El impacto de \u00abEl Cachafaz\u00bb en el tango<\/strong><\/p>\n<p>La influencia de \u00abEl Cachafaz\u00bb trasciende d\u00e9cadas y sigue vigente en la actualidad. Muchos bailarines profesionales lo consideran una fuente de inspiraci\u00f3n y un referente en la evoluci\u00f3n del tango danza. Su legado se mantiene vivo a trav\u00e9s de milongas, academias y festivales que celebran su arte y transmiten su estilo a las nuevas generaciones.<\/p>\n<p>El tango, declarado Patrimonio Cultural Inmaterial de la Humanidad por la UNESCO en 2009, es mucho m\u00e1s que un g\u00e9nero musical: es una expresi\u00f3n cultural que combina la m\u00fasica, la poes\u00eda y la danza. En este contexto, la figura del bailar\u00edn ocupa un rol fundamental, y la celebraci\u00f3n del 7 de febrero es un reconocimiento a su arte y dedicaci\u00f3n.<\/p>\n<p><strong>Un d\u00eda para celebrar la pasi\u00f3n por el tango<\/strong><\/p>\n<p>Cada a\u00f1o, el D\u00eda del Bailar\u00edn de Tango es una oportunidad para rendir homenaje a quienes han mantenido viva esta tradici\u00f3n. En Buenos Aires y otras ciudades del mundo, las milongas organizan eventos especiales, con exhibiciones de baile y encuentros donde se respira la esencia del 2&#215;4.<\/p>\n<p>A m\u00e1s de ochenta a\u00f1os de su partida, \u00abEl Cachafaz\u00bb sigue siendo una figura emblema del tango. Su legado perdura en cada giro, en cada abrazo de los bailarines que, con pasi\u00f3n y entrega, mantienen viva esta expresi\u00f3n art\u00edstica que es s\u00edmbolo de identidad argentina.<\/p>\n","protected":false},"excerpt":{"rendered":"<p>Cada 7 de febrero se celebra el D\u00eda del Bailar\u00edn de Tango, una fecha que rinde tributo a la danza<\/p>\n","protected":false},"author":1,"featured_media":91077,"comment_status":"closed","ping_status":"closed","sticky":false,"template":"","format":"standard","meta":{"kia_subtitle":"Un homenaje al arte del 2x4 y a una de sus m\u00e1ximas figuras","footnotes":"","jetpack_publicize_message":"","jetpack_publicize_feature_enabled":true,"jetpack_social_post_already_shared":true,"jetpack_social_options":{"image_generator_settings":{"template":"highway","default_image_id":0,"font":"","enabled":false},"version":2}},"categories":[5,2594],"tags":[],"class_list":["post-113175","post","type-post","status-publish","format-standard","has-post-thumbnail","hentry","category-cultura","category-efemerides"],"jetpack_publicize_connections":[],"jetpack_featured_media_url":"https:\/\/laurbedigital.com.ar\/noticias\/wp-content\/uploads\/2023\/04\/20230430-Brown-tango.jpg","_links":{"self":[{"href":"https:\/\/laurbedigital.com.ar\/noticias\/wp-json\/wp\/v2\/posts\/113175","targetHints":{"allow":["GET"]}}],"collection":[{"href":"https:\/\/laurbedigital.com.ar\/noticias\/wp-json\/wp\/v2\/posts"}],"about":[{"href":"https:\/\/laurbedigital.com.ar\/noticias\/wp-json\/wp\/v2\/types\/post"}],"author":[{"embeddable":true,"href":"https:\/\/laurbedigital.com.ar\/noticias\/wp-json\/wp\/v2\/users\/1"}],"replies":[{"embeddable":true,"href":"https:\/\/laurbedigital.com.ar\/noticias\/wp-json\/wp\/v2\/comments?post=113175"}],"version-history":[{"count":2,"href":"https:\/\/laurbedigital.com.ar\/noticias\/wp-json\/wp\/v2\/posts\/113175\/revisions"}],"predecessor-version":[{"id":113177,"href":"https:\/\/laurbedigital.com.ar\/noticias\/wp-json\/wp\/v2\/posts\/113175\/revisions\/113177"}],"wp:featuredmedia":[{"embeddable":true,"href":"https:\/\/laurbedigital.com.ar\/noticias\/wp-json\/wp\/v2\/media\/91077"}],"wp:attachment":[{"href":"https:\/\/laurbedigital.com.ar\/noticias\/wp-json\/wp\/v2\/media?parent=113175"}],"wp:term":[{"taxonomy":"category","embeddable":true,"href":"https:\/\/laurbedigital.com.ar\/noticias\/wp-json\/wp\/v2\/categories?post=113175"},{"taxonomy":"post_tag","embeddable":true,"href":"https:\/\/laurbedigital.com.ar\/noticias\/wp-json\/wp\/v2\/tags?post=113175"}],"curies":[{"name":"wp","href":"https:\/\/api.w.org\/{rel}","templated":true}]}}