{"id":113147,"date":"2025-02-06T03:29:25","date_gmt":"2025-02-06T06:29:25","guid":{"rendered":"https:\/\/laurbedigital.com.ar\/noticias\/?p=113147"},"modified":"2025-02-06T03:31:12","modified_gmt":"2025-02-06T06:31:12","slug":"provincia-destinara-mas-de-5-mil-millones-a-mejoras-en-escuelas-antes-del-ciclo-lectivo-2025-un-plan-de-refacciones-limpieza-y-mantenimiento-buscara-garantizar-condiciones-adecuadas-en-los-establec","status":"publish","type":"post","link":"https:\/\/laurbedigital.com.ar\/noticias\/2025\/02\/06\/provincia-destinara-mas-de-5-mil-millones-a-mejoras-en-escuelas-antes-del-ciclo-lectivo-2025-un-plan-de-refacciones-limpieza-y-mantenimiento-buscara-garantizar-condiciones-adecuadas-en-los-establec\/","title":{"rendered":"Provincia destinar\u00e1 m\u00e1s de $5 mil millones a mejoras en escuelas antes del ciclo lectivo 2025"},"content":{"rendered":"<p>Con el inicio del ciclo lectivo 2025 en el horizonte, el gobierno de la provincia de Buenos Aires anunci\u00f3 una inversi\u00f3n de $5.072 millones para mejorar la infraestructura escolar. La medida, a cargo de la Direcci\u00f3n General de Cultura y Educaci\u00f3n, priorizar\u00e1 las instituciones afectadas por los recientes temporales.<\/p>\n<p>El presupuesto ser\u00e1 distribuido entre los 135 distritos bonaerenses, tomando en cuenta la cantidad de establecimientos y las necesidades particulares de cada localidad. Entre los trabajos planificados se incluyen la limpieza de tanques, el desagote de pozos, refacciones menores y desmalezamiento. Adem\u00e1s, se destinar\u00e1n fondos para garantizar agua potable, insumos de higiene y la desinfecci\u00f3n de las instalaciones.<\/p>\n<p>El ministro de Educaci\u00f3n bonaerense, Alberto Sileoni, enfatiz\u00f3 la importancia de esta inversi\u00f3n para garantizar condiciones dignas en las escuelas. Tambi\u00e9n critic\u00f3 la falta de acompa\u00f1amiento del gobierno nacional en materia educativa, se\u00f1alando que \u00abmientras la Naci\u00f3n se desentiende, en la provincia sostenemos un Estado presente y comprometido\u00bb.<\/p>\n<p>La medida se coordinar\u00e1 con los Consejos Escolares, responsables de ejecutar las tareas en cada distrito. El objetivo es agilizar las intervenciones y asegurar el mantenimiento adecuado de los edificios, evitando que los problemas edilicios interfieran en el normal desarrollo de las clases.<\/p>\n<p>Con esta inversi\u00f3n, la provincia de Buenos Aires busca reforzar su compromiso con la educaci\u00f3n p\u00fablica, garantizando condiciones seguras y adecuadas para estudiantes, docentes y auxiliares antes del inicio del pr\u00f3ximo ciclo lectivo.<\/p>\n<p>Un plan de refacciones, limpieza y mantenimiento buscar\u00e1 garantizar condiciones adecuadas en los establecimientos educativos bonaerenses.<\/p>\n<p>Con el inicio del ciclo lectivo 2025 en el horizonte, el gobierno de la provincia de Buenos Aires anunci\u00f3 una inversi\u00f3n de $5.072 millones para mejorar la infraestructura escolar. La medida, a cargo de la Direcci\u00f3n General de Cultura y Educaci\u00f3n, priorizar\u00e1 las instituciones afectadas por los recientes temporales.<\/p>\n<p>El presupuesto ser\u00e1 distribuido entre los 135 distritos bonaerenses, tomando en cuenta la cantidad de establecimientos y las necesidades particulares de cada localidad. Entre los trabajos planificados se incluyen la limpieza de tanques, el desagote de pozos, refacciones menores y desmalezamiento. Adem\u00e1s, se destinar\u00e1n fondos para garantizar agua potable, insumos de higiene y la desinfecci\u00f3n de las instalaciones.<\/p>\n<p>El ministro de Educaci\u00f3n bonaerense, Alberto Sileoni, enfatiz\u00f3 la importancia de esta inversi\u00f3n para garantizar condiciones dignas en las escuelas. Tambi\u00e9n critic\u00f3 la falta de acompa\u00f1amiento del gobierno nacional en materia educativa, se\u00f1alando que \u00abmientras la Naci\u00f3n se desentiende, en la provincia sostenemos un Estado presente y comprometido\u00bb.<\/p>\n<p>La medida se coordinar\u00e1 con los Consejos Escolares, responsables de ejecutar las tareas en cada distrito. El objetivo es agilizar las intervenciones y asegurar el mantenimiento adecuado de los edificios, evitando que los problemas edilicios interfieran en el normal desarrollo de las clases.<\/p>\n<p>Con esta inversi\u00f3n, la provincia de Buenos Aires busca reforzar su compromiso con la educaci\u00f3n p\u00fablica, garantizando condiciones seguras y adecuadas para estudiantes, docentes y auxiliares antes del inicio del pr\u00f3ximo ciclo lectivo.<\/p>\n<p>&nbsp;<\/p>\n","protected":false},"excerpt":{"rendered":"<p>Con el inicio del ciclo lectivo 2025 en el horizonte, el gobierno de la provincia de Buenos Aires anunci\u00f3 una<\/p>\n","protected":false},"author":1,"featured_media":95354,"comment_status":"closed","ping_status":"closed","sticky":false,"template":"","format":"standard","meta":{"kia_subtitle":"Un plan de refacciones, limpieza y mantenimiento buscar\u00e1 garantizar condiciones adecuadas en los establecimientos educativos bonaerenses.","footnotes":"","jetpack_publicize_message":"","jetpack_publicize_feature_enabled":true,"jetpack_social_post_already_shared":true,"jetpack_social_options":{"image_generator_settings":{"template":"highway","default_image_id":0,"font":"","enabled":false},"version":2}},"categories":[3,56],"tags":[],"class_list":["post-113147","post","type-post","status-publish","format-standard","has-post-thumbnail","hentry","category-actualidad","category-buenos-aires"],"jetpack_publicize_connections":[],"jetpack_featured_media_url":"https:\/\/laurbedigital.com.ar\/noticias\/wp-content\/uploads\/2023\/09\/20230906-Escuela.jpg","_links":{"self":[{"href":"https:\/\/laurbedigital.com.ar\/noticias\/wp-json\/wp\/v2\/posts\/113147","targetHints":{"allow":["GET"]}}],"collection":[{"href":"https:\/\/laurbedigital.com.ar\/noticias\/wp-json\/wp\/v2\/posts"}],"about":[{"href":"https:\/\/laurbedigital.com.ar\/noticias\/wp-json\/wp\/v2\/types\/post"}],"author":[{"embeddable":true,"href":"https:\/\/laurbedigital.com.ar\/noticias\/wp-json\/wp\/v2\/users\/1"}],"replies":[{"embeddable":true,"href":"https:\/\/laurbedigital.com.ar\/noticias\/wp-json\/wp\/v2\/comments?post=113147"}],"version-history":[{"count":4,"href":"https:\/\/laurbedigital.com.ar\/noticias\/wp-json\/wp\/v2\/posts\/113147\/revisions"}],"predecessor-version":[{"id":113151,"href":"https:\/\/laurbedigital.com.ar\/noticias\/wp-json\/wp\/v2\/posts\/113147\/revisions\/113151"}],"wp:featuredmedia":[{"embeddable":true,"href":"https:\/\/laurbedigital.com.ar\/noticias\/wp-json\/wp\/v2\/media\/95354"}],"wp:attachment":[{"href":"https:\/\/laurbedigital.com.ar\/noticias\/wp-json\/wp\/v2\/media?parent=113147"}],"wp:term":[{"taxonomy":"category","embeddable":true,"href":"https:\/\/laurbedigital.com.ar\/noticias\/wp-json\/wp\/v2\/categories?post=113147"},{"taxonomy":"post_tag","embeddable":true,"href":"https:\/\/laurbedigital.com.ar\/noticias\/wp-json\/wp\/v2\/tags?post=113147"}],"curies":[{"name":"wp","href":"https:\/\/api.w.org\/{rel}","templated":true}]}}