{"id":113144,"date":"2025-02-06T03:11:16","date_gmt":"2025-02-06T06:11:16","guid":{"rendered":"https:\/\/laurbedigital.com.ar\/noticias\/?p=113144"},"modified":"2025-02-06T03:11:16","modified_gmt":"2025-02-06T06:11:16","slug":"como-detectar-y-tratar-el-estres-por-calor-en-las-plantas","status":"publish","type":"post","link":"https:\/\/laurbedigital.com.ar\/noticias\/2025\/02\/06\/como-detectar-y-tratar-el-estres-por-calor-en-las-plantas\/","title":{"rendered":"C\u00f3mo detectar y tratar el estr\u00e9s por calor en las plantas"},"content":{"rendered":"<p>Las temperaturas elevadas no solo impactan a los seres humanos y animales, sino tambi\u00e9n a las plantas, que pueden sufrir estr\u00e9s por calor cuando el clima sobrepasa su rango \u00f3ptimo de desarrollo. Este fen\u00f3meno puede generar debilitamiento, afectando su crecimiento, floraci\u00f3n y producci\u00f3n de frutos. Identificar los signos a tiempo y aplicar medidas correctivas resulta fundamental para preservar su bienestar.<\/p>\n<h3><strong>Se\u00f1ales de alerta en las plantas<\/strong><\/h3>\n<p>El estr\u00e9s t\u00e9rmico se manifiesta con distintos s\u00edntomas que indican que la planta est\u00e1 luchando por sobrevivir:<\/p>\n<ul data-spread=\"false\">\n<li><strong>Flores marchitas:<\/strong> La deshidrataci\u00f3n provocada por el calor extremo hace que las flores pierdan firmeza y decaigan.<\/li>\n<li><strong>Hojas amarillas o descoloridas:<\/strong> Un claro signo de falta de humedad que compromete su vitalidad.<\/li>\n<li><strong>Hojas quemadas:<\/strong> Aparecen cuando la planta est\u00e1 expuesta al sol por demasiado tiempo o es regada en horas de calor intenso.<\/li>\n<li><strong>Ca\u00edda de frutos y flores:<\/strong> Para sobrevivir, la planta detiene la producci\u00f3n y sacrifica sus estructuras reproductivas.<\/li>\n<li><strong>Falta de crecimiento:<\/strong> La ausencia de brotes nuevos es una se\u00f1al de que el estr\u00e9s t\u00e9rmico ha frenado su desarrollo.<\/li>\n<\/ul>\n<h3><strong>C\u00f3mo ayudar a una planta afectada<\/strong><\/h3>\n<p>Si una planta presenta s\u00edntomas de estr\u00e9s por calor, es posible revertir el da\u00f1o con medidas simples pero efectivas:<\/p>\n<ul data-spread=\"false\">\n<li><strong>Riego profundo:<\/strong> Asegura que la humedad llegue a las ra\u00edces, evitando el riego superficial que se evapora r\u00e1pidamente.<\/li>\n<li><strong>Sombra y protecci\u00f3n:<\/strong> Mover las plantas a una zona con sombra o instalar sombrillas puede reducir la exposici\u00f3n al sol intenso.<\/li>\n<li><strong>Poda de hojas y tallos da\u00f1ados:<\/strong> Retirar las partes afectadas favorece la regeneraci\u00f3n y fortalece la planta.<\/li>\n<\/ul>\n<p>Con estos cuidados, las plantas pueden recuperarse y seguir creciendo saludables, incluso en las jornadas de calor extremo. Detectar los signos de estr\u00e9s a tiempo y actuar con rapidez marcar\u00e1 la diferencia en su bienestar y desarrollo.<\/p>\n","protected":false},"excerpt":{"rendered":"<p>Las temperaturas elevadas no solo impactan a los seres humanos y animales, sino tambi\u00e9n a las plantas, que pueden sufrir<\/p>\n","protected":false},"author":1,"featured_media":113145,"comment_status":"closed","ping_status":"closed","sticky":false,"template":"","format":"standard","meta":{"kia_subtitle":"El calor extremo puede afectar la salud de las plantas, provocando s\u00edntomas visibles de estr\u00e9s t\u00e9rmico. Aprender a identificarlos y actuar a tiempo es clave para su recuperaci\u00f3n.","footnotes":"","jetpack_publicize_message":"","jetpack_publicize_feature_enabled":true,"jetpack_social_post_already_shared":true,"jetpack_social_options":{"image_generator_settings":{"template":"highway","default_image_id":0,"font":"","enabled":false},"version":2}},"categories":[15],"tags":[],"class_list":["post-113144","post","type-post","status-publish","format-standard","has-post-thumbnail","hentry","category-tendencias"],"jetpack_publicize_connections":[],"jetpack_featured_media_url":"https:\/\/laurbedigital.com.ar\/noticias\/wp-content\/uploads\/2025\/02\/20250206-Planta.jpg","_links":{"self":[{"href":"https:\/\/laurbedigital.com.ar\/noticias\/wp-json\/wp\/v2\/posts\/113144","targetHints":{"allow":["GET"]}}],"collection":[{"href":"https:\/\/laurbedigital.com.ar\/noticias\/wp-json\/wp\/v2\/posts"}],"about":[{"href":"https:\/\/laurbedigital.com.ar\/noticias\/wp-json\/wp\/v2\/types\/post"}],"author":[{"embeddable":true,"href":"https:\/\/laurbedigital.com.ar\/noticias\/wp-json\/wp\/v2\/users\/1"}],"replies":[{"embeddable":true,"href":"https:\/\/laurbedigital.com.ar\/noticias\/wp-json\/wp\/v2\/comments?post=113144"}],"version-history":[{"count":1,"href":"https:\/\/laurbedigital.com.ar\/noticias\/wp-json\/wp\/v2\/posts\/113144\/revisions"}],"predecessor-version":[{"id":113146,"href":"https:\/\/laurbedigital.com.ar\/noticias\/wp-json\/wp\/v2\/posts\/113144\/revisions\/113146"}],"wp:featuredmedia":[{"embeddable":true,"href":"https:\/\/laurbedigital.com.ar\/noticias\/wp-json\/wp\/v2\/media\/113145"}],"wp:attachment":[{"href":"https:\/\/laurbedigital.com.ar\/noticias\/wp-json\/wp\/v2\/media?parent=113144"}],"wp:term":[{"taxonomy":"category","embeddable":true,"href":"https:\/\/laurbedigital.com.ar\/noticias\/wp-json\/wp\/v2\/categories?post=113144"},{"taxonomy":"post_tag","embeddable":true,"href":"https:\/\/laurbedigital.com.ar\/noticias\/wp-json\/wp\/v2\/tags?post=113144"}],"curies":[{"name":"wp","href":"https:\/\/api.w.org\/{rel}","templated":true}]}}