{"id":113138,"date":"2025-02-06T02:45:27","date_gmt":"2025-02-06T05:45:27","guid":{"rendered":"https:\/\/laurbedigital.com.ar\/noticias\/?p=113138"},"modified":"2025-02-06T02:45:27","modified_gmt":"2025-02-06T05:45:27","slug":"la-familia-de-walter-armand-apelo-el-arresto-domiciliario-de-la-toretto","status":"publish","type":"post","link":"https:\/\/laurbedigital.com.ar\/noticias\/2025\/02\/06\/la-familia-de-walter-armand-apelo-el-arresto-domiciliario-de-la-toretto\/","title":{"rendered":"La familia de Walter Armand apel\u00f3 el arresto domiciliario de \u201cLa Toretto\u201d"},"content":{"rendered":"<p>Los abogados de la familia de Walter Armand, el joven m\u00fasico atropellado y asesinado por Felicitas Alvite, conocida como \u201cLa Toretto\u201d, presentaron una apelaci\u00f3n para revocar el arresto domiciliario otorgado a la imputada. Adem\u00e1s, solicitaron una investigaci\u00f3n sobre los jueces que fallaron a su favor.<\/p>\n<h3><strong>Apelaci\u00f3n y cuestionamiento a la resoluci\u00f3n judicial<\/strong><\/h3>\n<p>La defensa de la familia, representada por los abogados Delfina, Julio y Fernando Burlando, interpuso un recurso extraordinario de inaplicabilidad de ley ante la Suprema Corte bonaerense. El objetivo es anular la decisi\u00f3n del Tribunal de Casaci\u00f3n Penal de la Provincia de Buenos Aires, que revoc\u00f3 la prisi\u00f3n preventiva de Alvite y le otorg\u00f3 el beneficio de la detenci\u00f3n domiciliaria.<\/p>\n<p>Los abogados argumentan que la resoluci\u00f3n es \u00ababsurda, arbitraria y viola derechos constitucionales y convencionales\u00bb. A pesar de la decisi\u00f3n judicial, la medida a\u00fan no se hizo efectiva, lo que abre la posibilidad de que se revierta.<\/p>\n<h3><strong>Pedido de investigaci\u00f3n a los jueces<\/strong><\/h3>\n<p>En el escrito presentado, la familia de la v\u00edctima tambi\u00e9n exigi\u00f3 que se investigue a los magistrados responsables de la resoluci\u00f3n. La solicitud fue elevada a la Subsecretar\u00eda de Control Disciplinario de la Suprema Corte de Justicia de la Provincia de Buenos Aires (SCJBA) y a la Secretar\u00eda Permanente del Jurado de Enjuiciamiento de Magistrados y Funcionarios bonaerenses.<\/p>\n<p>Los letrados sostienen que la decisi\u00f3n de conceder la detenci\u00f3n domiciliaria a Alvite no solo representa un retroceso en la b\u00fasqueda de justicia, sino que tambi\u00e9n podr\u00eda sentar un precedente preocupante en casos de homicidios viales con dolo eventual.<\/p>\n<h3><strong>Un fallo que genera indignaci\u00f3n<\/strong><\/h3>\n<p>Felicitas Alvite fue imputada por homicidio simple con dolo eventual, tras atropellar y matar a Walter Armand en un acto de conducci\u00f3n temeraria. El caso gener\u00f3 una fuerte conmoci\u00f3n p\u00fablica, y el otorgamiento del arresto domiciliario fue recibido con indignaci\u00f3n por parte de los familiares y la sociedad en general.<\/p>\n<p>El pedido de revocaci\u00f3n del beneficio y la investigaci\u00f3n a los jueces reflejan la creciente preocupaci\u00f3n por la impunidad en este tipo de delitos. La decisi\u00f3n final estar\u00e1 en manos de la Suprema Corte bonaerense, que deber\u00e1 evaluar si el fallo fue conforme a derecho o si, por el contrario, amerita su anulaci\u00f3n.<\/p>\n","protected":false},"excerpt":{"rendered":"<p>Los abogados de la familia de Walter Armand, el joven m\u00fasico atropellado y asesinado por Felicitas Alvite, conocida como \u201cLa<\/p>\n","protected":false},"author":1,"featured_media":112744,"comment_status":"closed","ping_status":"closed","sticky":false,"template":"","format":"standard","meta":{"kia_subtitle":"Piden que se investigue a los jueces que otorgaron el beneficio a la imputada","footnotes":"","jetpack_publicize_message":"","jetpack_publicize_feature_enabled":true,"jetpack_social_post_already_shared":true,"jetpack_social_options":{"image_generator_settings":{"template":"highway","default_image_id":0,"font":"","enabled":false},"version":2}},"categories":[8],"tags":[],"class_list":["post-113138","post","type-post","status-publish","format-standard","has-post-thumbnail","hentry","category-policiales"],"jetpack_publicize_connections":[],"jetpack_featured_media_url":"https:\/\/laurbedigital.com.ar\/noticias\/wp-content\/uploads\/2025\/01\/20250123-La-Toretto.jpg","_links":{"self":[{"href":"https:\/\/laurbedigital.com.ar\/noticias\/wp-json\/wp\/v2\/posts\/113138","targetHints":{"allow":["GET"]}}],"collection":[{"href":"https:\/\/laurbedigital.com.ar\/noticias\/wp-json\/wp\/v2\/posts"}],"about":[{"href":"https:\/\/laurbedigital.com.ar\/noticias\/wp-json\/wp\/v2\/types\/post"}],"author":[{"embeddable":true,"href":"https:\/\/laurbedigital.com.ar\/noticias\/wp-json\/wp\/v2\/users\/1"}],"replies":[{"embeddable":true,"href":"https:\/\/laurbedigital.com.ar\/noticias\/wp-json\/wp\/v2\/comments?post=113138"}],"version-history":[{"count":2,"href":"https:\/\/laurbedigital.com.ar\/noticias\/wp-json\/wp\/v2\/posts\/113138\/revisions"}],"predecessor-version":[{"id":113140,"href":"https:\/\/laurbedigital.com.ar\/noticias\/wp-json\/wp\/v2\/posts\/113138\/revisions\/113140"}],"wp:featuredmedia":[{"embeddable":true,"href":"https:\/\/laurbedigital.com.ar\/noticias\/wp-json\/wp\/v2\/media\/112744"}],"wp:attachment":[{"href":"https:\/\/laurbedigital.com.ar\/noticias\/wp-json\/wp\/v2\/media?parent=113138"}],"wp:term":[{"taxonomy":"category","embeddable":true,"href":"https:\/\/laurbedigital.com.ar\/noticias\/wp-json\/wp\/v2\/categories?post=113138"},{"taxonomy":"post_tag","embeddable":true,"href":"https:\/\/laurbedigital.com.ar\/noticias\/wp-json\/wp\/v2\/tags?post=113138"}],"curies":[{"name":"wp","href":"https:\/\/api.w.org\/{rel}","templated":true}]}}